{"id":1738,"date":"2026-07-24T10:27:05","date_gmt":"2026-07-24T08:27:05","guid":{"rendered":"https:\/\/modulartsystem.hu\/?p=1738"},"modified":"2026-07-24T10:27:07","modified_gmt":"2026-07-24T08:27:07","slug":"pergola-idojaras-elleni-vedelem-igy-maradhat-tartos-es-szep-a-fa-pergola","status":"publish","type":"post","link":"https:\/\/modulartsystem.hu\/en\/pergola-idojaras-elleni-vedelem-igy-maradhat-tartos-es-szep-a-fa-pergola\/","title":{"rendered":"Pergola id\u0151j\u00e1r\u00e1s elleni v\u00e9delem: \u00edgy maradhat tart\u00f3s \u00e9s sz\u00e9p a fa pergola"},"content":{"rendered":"<p class=\"wp-block-paragraph\">A pergola id\u0151j\u00e1r\u00e1s elleni v\u00e9delem az egyik legfontosabb szempont, ha hossz\u00fa t\u00e1vra keresel \u00e1rny\u00e9kol\u00f3t, teraszfed\u00e9st vagy eszt\u00e9tikus k\u00fclt\u00e9ri megold\u00e1st. Egy fa pergola k\u00fcl\u00f6nleges hangulatot ad a kertnek, term\u00e9szetes \u00e1rny\u00e9kot teremt, \u00e9s k\u00e9nyelmesebb\u00e9 teszi a mindennapi kinti pihen\u00e9st. J\u00f3l m\u0171k\u00f6dik terasz f\u00f6l\u00e9, kocsibe\u00e1ll\u00f3hoz, medence mell\u00e9, kerti \u00e9tkez\u0151 f\u00f6l\u00e9, grill, kemence, bogr\u00e1csoz\u00f3 vagy kerti konyha k\u00f6zel\u00e9be, de ak\u00e1r vend\u00e9gl\u00e1t\u00f3teraszok \u00e9s rendezv\u00e9nyhelysz\u00ednek \u00e1rny\u00e9kol\u00e1s\u00e1ra is praktikus v\u00e1laszt\u00e1s lehet.<\/p>\n\n\n\n<p class=\"wp-block-paragraph\">A k\u00fclt\u00e9ri fa azonban folyamatosan tal\u00e1lkozik naps\u00fct\u00e9ssel, es\u0151vel, p\u00e1r\u00e1val, sz\u00e9llel, h\u0151ingadoz\u00e1ssal \u00e9s id\u0151nk\u00e9nt er\u0151sebb id\u0151j\u00e1r\u00e1si terhel\u00e9ssel is. Ez nem jelenti azt, hogy a fa pergola s\u00e9r\u00fcl\u00e9keny vagy rossz d\u00f6nt\u00e9s lenne. \u00c9ppen ellenkez\u0151leg: megfelel\u0151 anyagv\u00e1laszt\u00e1ssal, j\u00f3 elhelyez\u00e9ssel \u00e9s rendszeres \u00e1pol\u00e1ssal hossz\u00fa \u00e9veken \u00e1t sz\u00e9p, stabil \u00e9s hangulatos r\u00e9sze lehet a kertnek.<\/p>\n\n\n\n<p class=\"wp-block-paragraph\">A pergola id\u0151j\u00e1r\u00e1s elleni v\u00e9delme h\u00e1rom f\u0151 ter\u00fcletre \u00e9p\u00fcl: az UV-v\u00e9delemre, a v\u00edz elleni v\u00e9delemre \u00e9s a megfelel\u0151 szell\u0151z\u00e9sre. Ha ezekre tudatosan figyelsz, a fa szerkezet sokkal tov\u00e1bb meg\u0151rizheti term\u00e9szetes sz\u00e9ps\u00e9g\u00e9t.&nbsp;<\/p>\n\n\n\n<h2 class=\"wp-block-heading\"><strong>Pergola UV-v\u00e9delem: hogyan \u00f3vhatod meg a f\u00e1t az er\u0151s naps\u00fct\u00e9st\u0151l?<\/strong><\/h2>\n\n\n\n<p class=\"wp-block-paragraph\">A pergola UV-v\u00e9delem k\u00fcl\u00f6n\u00f6sen fontos, mert a fa pergola a legt\u00f6bb esetben eg\u00e9sz nap vagy a nap jelent\u0151s r\u00e9sz\u00e9ben k\u00f6zvetlen naps\u00fct\u00e9snek van kit\u00e9ve. Az er\u0151s UV-sug\u00e1rz\u00e1s id\u0151vel fak\u00edthatja a fa sz\u00edn\u00e9t, sz\u00e1r\u00edthatja a fel\u00fcletet, \u00e9s apr\u00f3 reped\u00e9sek kialakul\u00e1s\u00e1hoz is hozz\u00e1j\u00e1rulhat. Ez f\u0151leg d\u00e9li vagy nyugati fekv\u00e9s\u0171 teraszokon, medence melletti pihen\u0151helyeken \u00e9s teljesen nyitott kerti pergol\u00e1kn\u00e1l jelenthet nagyobb terhel\u00e9st.<\/p>\n\n\n\n<p class=\"wp-block-paragraph\">A k\u00fclt\u00e9ri fa term\u00e9szetes anyag, ez\u00e9rt reag\u00e1l a k\u00f6rnyezet\u00e9re. Ha er\u0151s naps\u00fct\u00e9s \u00e9ri, a fel\u00fclet id\u0151vel vesz\u00edthet az eredeti \u00e1rnyalat\u00e1b\u00f3l. Ez \u00f6nmag\u00e1ban m\u00e9g nem felt\u00e9tlen\u00fcl szerkezeti probl\u00e9ma, de eszt\u00e9tikailag zavar\u00f3 lehet, \u00e9s ha a fel\u00fcletkezel\u00e9s el\u00f6regszik, a fa kev\u00e9sb\u00e9 lesz v\u00e9dett az id\u0151j\u00e1r\u00e1s t\u00f6bbi hat\u00e1s\u00e1val szemben is.<\/p>\n\n\n\n<p class=\"wp-block-paragraph\">A megold\u00e1s a megfelel\u0151 k\u00fclt\u00e9ri fel\u00fcletkezel\u00e9s. \u00c9rdemes olyan laz\u00fart, faolajat vagy k\u00fclt\u00e9ri fav\u00e9d\u0151 bevonatot v\u00e1lasztani, amely UV-v\u00e9delmet is biztos\u00edt. Ezek seg\u00edtenek lass\u00edtani a fakul\u00e1st, v\u00e9dik a fa fel\u00fclet\u00e9t, \u00e9s hosszabb ideig meg\u0151rzik a pergola \u00e1polt, eszt\u00e9tikus megjelen\u00e9s\u00e9t. A pergola UV-v\u00e9delem teh\u00e1t nem egyszeri feladat, hanem id\u0151szakos gondoskod\u00e1s, amelyet \u00e9rdemes be\u00e9p\u00edteni a fa pergola \u00e1pol\u00e1si rutinj\u00e1ba.<\/p>\n\n\n\n<p class=\"wp-block-paragraph\">Azt is fontos figyelembe venni, hogy az UV-terhel\u00e9s nem minden oldalon azonos. A naposabb oldalak gyorsabban vesz\u00edthetnek a sz\u00edn\u00fckb\u0151l, m\u00edg az \u00e1rny\u00e9kosabb r\u00e9szek lassabban \u00f6regednek. Ez\u00e9rt a pergola ellen\u0151rz\u00e9sekor \u00e9rdemes k\u00fcl\u00f6n figyelni azokra a fel\u00fcletekre, amelyeket a legt\u00f6bb naps\u00fct\u00e9s \u00e9r. Ha id\u0151ben friss\u00edted a v\u00e9d\u0151r\u00e9teget, sokkal k\u00f6nnyebb meg\u0151rizni az egys\u00e9ges, sz\u00e9p fa megjelen\u00e9st.<\/p>\n\n\n\n<p class=\"wp-block-paragraph\">A napvitorl\u00e1val vagy szaruf\u00e1kkal kieg\u00e9sz\u00edtett pergola \u00e1rny\u00e9kol\u00e1si szempontb\u00f3l is el\u0151ny\u00f6s lehet, mert nemcsak a teraszt vagy a pihen\u0151helyet v\u00e9di a t\u0171z\u0151 napt\u00f3l, hanem r\u00e9szben mag\u00e1t a szerkezetet is. A <a href=\"https:\/\/modulartsystem.hu\/en\/product-tag\/pergola-csomagok\/\">ModulART pergola csomagok<\/a> k\u00f6z\u00f6tt t\u00f6bbf\u00e9le kialak\u00edt\u00e1s \u00e9rhet\u0151 el, \u00edgy k\u00f6nnyebb olyan megold\u00e1st v\u00e1lasztani, amely a kert, terasz vagy aut\u00f3be\u00e1ll\u00f3 adotts\u00e1gaihoz is illik.<\/p>\n\n\n\n<h2 class=\"wp-block-heading\"><strong>Fa pergola v\u00e9delem es\u0151, p\u00e1ra \u00e9s nedvess\u00e9g ellen<\/strong><\/h2>\n\n\n\n<p class=\"wp-block-paragraph\">A fa pergola v\u00e9delem m\u00e1sik kulcster\u00fclete a v\u00edz elleni v\u00e9delem. A k\u00fclt\u00e9ri fa j\u00f3l b\u00edrhatja az id\u0151j\u00e1r\u00e1st, ha megfelel\u0151en van kezelve, de a tart\u00f3san meg\u00e1ll\u00f3 v\u00edz, a folyamatos p\u00e1ra \u00e9s a rossz v\u00edzelvezet\u00e9s hossz\u00fa t\u00e1von k\u00e1ros\u00edthatja a fel\u00fcletet. Ez\u00e9rt nemcsak az sz\u00e1m\u00edt, milyen bevonat ker\u00fcl a f\u00e1ra, hanem az is, hogy a pergola k\u00f6rnyezete mennyire engedi elvezetni a csapad\u00e9kot.<\/p>\n\n\n\n<p class=\"wp-block-paragraph\">Terasz f\u00f6l\u00e9 \u00e9p\u00edtett pergola eset\u00e9n figyelni kell arra, hogy az ereszr\u0151l, burkolatr\u00f3l vagy a h\u00e1zfal k\u00f6zel\u00e9b\u0151l \u00e9rkez\u0151 v\u00edz ne gy\u0171lj\u00f6n \u00f6ssze az oszlopokn\u00e1l vagy a csatlakoz\u00e1si pontokn\u00e1l. Kocsibe\u00e1ll\u00f3 f\u00f6l\u00e9 \u00e9p\u00edtett pergol\u00e1n\u00e1l szint\u00e9n fontos, hogy az es\u0151v\u00edz ne \u00e1lljon meg a szerkezet k\u00f6rnyezet\u00e9ben. Medence mellett a p\u00e1ra \u00e9s a fr\u00f6ccsen\u0151 v\u00edz miatt lehet nagyobb a nedvess\u00e9gterhel\u00e9s, m\u00edg grill, kemence vagy kerti konyha k\u00f6zel\u00e9ben a p\u00e1ra, f\u00fcst \u00e9s zs\u00edros szennyez\u0151d\u00e9s miatt \u00e9rdemes gyakrabban tiszt\u00edtani a fel\u00fcleteket.<\/p>\n\n\n\n<p class=\"wp-block-paragraph\">A fa pergola v\u00e9delem egyik legegyszer\u0171bb, m\u00e9gis gyakran elhanyagolt l\u00e9p\u00e9se a rendszeres tiszt\u00edt\u00e1s. A falevelek, por, pollen, \u00e1gak \u00e9s egy\u00e9b lerak\u00f3d\u00e1sok k\u00f6nnyen megtarthatj\u00e1k a nedvess\u00e9get. Ha ezek hosszabb ideig a fa fel\u00fclet\u00e9n maradnak, a szerkezet lassabban sz\u00e1rad ki es\u0151 ut\u00e1n. \u00c9rdemes ez\u00e9rt id\u0151nk\u00e9nt puha kef\u00e9vel vagy enyh\u00e9n nedves kend\u0151vel letiszt\u00edtani a pergol\u00e1t, k\u00fcl\u00f6n\u00f6sen \u0151sszel \u00e9s tavasszal.<\/p>\n\n\n\n<p class=\"wp-block-paragraph\">A v\u00edz elleni v\u00e9delemn\u00e9l a fel\u00fcletkezel\u00e9s \u00e1llapota is d\u00f6nt\u0151. Ha a bevonat repedezett, kopott vagy lepattogzott, a fa k\u00f6nnyebben sz\u00edvhatja mag\u00e1ba a nedvess\u00e9get. Ilyenkor nem \u00e9rdemes halogatni a jav\u00edt\u00e1st. Egy kisebb fel\u00fclet friss\u00edt\u00e9se gyorsabb \u00e9s k\u00f6lts\u00e9ghat\u00e9konyabb, mint k\u00e9s\u0151bb egy elhanyagolt, er\u0151sen k\u00e1rosodott szerkezet helyre\u00e1ll\u00edt\u00e1sa.<\/p>\n\n\n\n<h2 class=\"wp-block-heading\"><strong>K\u00fclt\u00e9ri fa UV-v\u00e9delem \u00e9s fel\u00fcletkezel\u00e9s: mikor \u00e9rdemes friss\u00edteni?<\/strong><\/h2>\n\n\n\n<p class=\"wp-block-paragraph\">A k\u00fclt\u00e9ri fa UV-v\u00e9delem akkor m\u0171k\u00f6dik j\u00f3l, ha nemcsak az els\u0151 kezel\u00e9skor gondolunk r\u00e1, hanem k\u00e9s\u0151bb is figyelj\u00fck a fel\u00fclet \u00e1llapot\u00e1t. A fa pergola nem ig\u00e9nyel \u00e1lland\u00f3 gondoz\u00e1st, de az id\u0151j\u00e1r\u00e1snak kitett szerkezetet \u00e9vente legal\u00e1bb egyszer \u00e9rdemes alaposabban \u00e1tn\u00e9zni. A szezon eleji ellen\u0151rz\u00e9s k\u00fcl\u00f6n\u00f6sen hasznos, mert \u00edgy a ny\u00e1ri haszn\u00e1lat el\u0151tt kider\u00fcl, sz\u00fcks\u00e9g van-e tiszt\u00edt\u00e1sra, csiszol\u00e1sra vagy friss\u00edt\u0151 kezel\u00e9sre.<\/p>\n\n\n\n<p class=\"wp-block-paragraph\">A k\u00fclt\u00e9ri fa UV-v\u00e9delem friss\u00edt\u00e9s\u00e9re utalhat, ha a fa sz\u00edne l\u00e1tv\u00e1nyosan kifakult, a fel\u00fclet sz\u00e1razabbnak, \u00e9rdesebbnek t\u0171nik, vagy apr\u00f3 reped\u00e9sek jelennek meg rajta. Ugyan\u00edgy figyelmeztet\u0151 jel lehet, ha az es\u0151v\u00edz m\u00e1r nem pereg le sz\u00e9pen a fel\u00fcletr\u0151l, hanem gyorsan besz\u00edv\u00f3dik. Ezek azt mutathatj\u00e1k, hogy a v\u00e9d\u0151r\u00e9teg m\u00e1r nem l\u00e1tja el megfelel\u0151en a feladat\u00e1t.<\/p>\n\n\n\n<p class=\"wp-block-paragraph\">A fel\u00fcletkezel\u00e9s el\u0151tt mindig fontos a tiszta \u00e9s sz\u00e1raz alap. A port, szennyez\u0151d\u00e9st, r\u00e9gi s\u00e9r\u00fclt bevonatr\u00e9szeket el kell t\u00e1vol\u00edtani, sz\u00fcks\u00e9g eset\u00e9n pedig finom csiszol\u00e1ssal lehet el\u0151k\u00e9sz\u00edteni a f\u00e1t. Ezut\u00e1n ker\u00fclhet r\u00e1 az \u00faj k\u00fclt\u00e9ri laz\u00far, faolaj vagy fav\u00e9d\u0151 bevonat. A pontos elj\u00e1r\u00e1st mindig az adott anyag gy\u00e1rt\u00f3i \u00fatmutat\u00f3ja szerint \u00e9rdemes elv\u00e9gezni.<\/p>\n\n\n\n<p class=\"wp-block-paragraph\">A k\u00fclt\u00e9ri fa UV-v\u00e9delem nemcsak a pergola sz\u00edne miatt fontos. A gondozott fel\u00fclet ellen\u00e1ll\u00f3bb lehet a nedvess\u00e9ggel, h\u0151ingadoz\u00e1ssal \u00e9s mindennapi haszn\u00e1lattal szemben is. Ez k\u00fcl\u00f6n\u00f6sen fontos olyan pergol\u00e1kn\u00e1l, amelyeket intenz\u00edven haszn\u00e1lnak: p\u00e9ld\u00e1ul vend\u00e9gl\u00e1t\u00f3teraszokon, rendezv\u00e9nyhelysz\u00edneken, kerti \u00e9tkez\u0151k f\u00f6l\u00f6tt vagy olyan csal\u00e1di teraszokon, ahol tavaszt\u00f3l \u0151szig rendszeresen zajlik az \u00e9let.<\/p>\n\n\n\n<p class=\"wp-block-paragraph\">A szell\u0151z\u00e9s legal\u00e1bb ilyen fontos r\u00e9sze a hossz\u00fa \u00e9lettartamnak. Egy pergola akkor tud j\u00f3l sz\u00e1radni es\u0151 ut\u00e1n, ha a leveg\u0151 \u00e1t tudja j\u00e1rni a szerkezetet. A t\u00fal s\u0171r\u0171 n\u00f6v\u00e9nyzet, a folyamatosan nedves k\u00f6rnyezet vagy a rosszul szell\u0151z\u0151 sarok lass\u00edthatja a sz\u00e1rad\u00e1st. N\u00f6v\u00e9nyfuttat\u00f3 lugask\u00e9nt haszn\u00e1lt pergol\u00e1n\u00e1l ez\u00e9rt \u00e9rdemes figyelni arra, hogy a n\u00f6v\u00e9nyek sz\u00e9pek legyenek, de ne fedj\u00e9k be teljesen a f\u00e1t \u00fagy, hogy az \u00e1lland\u00f3an nedves maradjon.<\/p>\n\n\n\n<p class=\"wp-block-paragraph\">Ha inspir\u00e1ci\u00f3t keresel a k\u00fcl\u00f6nb\u00f6z\u0151 pergola kialak\u00edt\u00e1sokhoz, n\u00e9zd meg a <a href=\"https:\/\/modulartsystem.hu\/en\/galeria\/\">ModulART gal\u00e9ri\u00e1t<\/a>. A j\u00f3l megtervezett fa pergola nemcsak \u00e1rny\u00e9kol\u00f3k\u00e9nt m\u0171k\u00f6dik, hanem a kert vagy terasz egyik legl\u00e1tv\u00e1nyosabb, legjobban haszn\u00e1lhat\u00f3 eleme is lehet.<\/p>\n\n\n\n<h2 class=\"wp-block-heading\"><strong>V\u00e1lassz olyan pergol\u00e1t, amely hossz\u00fa t\u00e1von is j\u00f3l b\u00edrja az id\u0151j\u00e1r\u00e1st<\/strong><\/h2>\n\n\n\n<p class=\"wp-block-paragraph\">A pergola id\u0151j\u00e1r\u00e1s elleni v\u00e9delem m\u00e1r a tervez\u00e9sn\u00e9l elkezd\u0151dik. Fontos a megfelel\u0151 hely kiv\u00e1laszt\u00e1sa, a j\u00f3 v\u00edzelvezet\u00e9s, a szell\u0151z\u00e9s, a min\u0151s\u00e9gi faanyag \u00e9s az id\u0151j\u00e1r\u00e1snak megfelel\u0151 fel\u00fcletkezel\u00e9s. Ha ezekre figyelsz, a fa pergola hossz\u00fa \u00e9veken \u00e1t sz\u00e9p, term\u00e9szetes \u00e9s praktikus r\u00e9sze maradhat a k\u00fclt\u00e9ri t\u00e9rnek.<\/p>\n\n\n\n<p class=\"wp-block-paragraph\">Egy j\u00f3l megv\u00e1lasztott pergola sokf\u00e9le helyzetben k\u00e9nyelmesebb\u00e9 teheti a mindennapokat. \u00c1rny\u00e9kot adhat a terasz f\u00f6l\u00e9, v\u00e9dettebb\u00e9 teheti a kerti \u00e9tkez\u0151t, hangulatosabb\u00e1 var\u00e1zsolhatja a medence melletti pihen\u0151t, praktikus megold\u00e1st ny\u00fajthat kocsibe\u00e1ll\u00f3hoz, \u00e9s otthonosabb k\u00f6rnyezetet teremthet grill, kemence, bogr\u00e1csoz\u00f3 vagy kerti konyha mellett is. A l\u00e9nyeg, hogy ne csak a l\u00e1tv\u00e1nyra figyelj, hanem arra is, hogyan fog viselkedni a szerkezet naps\u00fct\u00e9sben, es\u0151ben, p\u00e1r\u00e1ban \u00e9s a mindennapi haszn\u00e1lat sor\u00e1n.<\/p>\n\n\n\n<p class=\"wp-block-paragraph\">A <a href=\"https:\/\/modulartsystem.hu\/en\/\">ModulART pergola megold\u00e1sai<\/a> term\u00e9szetes megjelen\u00e9ssel, modul\u00e1ris kialak\u00edt\u00e1ssal \u00e9s t\u00f6bbf\u00e9le felhaszn\u00e1l\u00e1si lehet\u0151s\u00e9ggel seg\u00edtenek abban, hogy a k\u00fclt\u00e9ri t\u00e9r val\u00f3ban a saj\u00e1t ig\u00e9nyeidhez igazodjon. Ak\u00e1r teraszra, kertbe, kocsibe\u00e1ll\u00f3hoz vagy pihen\u0151hely f\u00f6l\u00e9 keresel \u00e1rny\u00e9kol\u00e1st, \u00e9rdemes olyan rendszert v\u00e1lasztani, amely hossz\u00fa t\u00e1von is alak\u00edthat\u00f3, eszt\u00e9tikus \u00e9s j\u00f3l illeszkedik az otthonodhoz.<\/p>","protected":false},"excerpt":{"rendered":"<p>A pergola id\u0151j\u00e1r\u00e1s elleni v\u00e9delem az egyik legfontosabb szempont, ha hossz\u00fa t\u00e1vra keresel \u00e1rny\u00e9kol\u00f3t, teraszfed\u00e9st vagy eszt\u00e9tikus k\u00fclt\u00e9ri megold\u00e1st. Egy fa pergola k\u00fcl\u00f6nleges hangulatot ad a kertnek, term\u00e9szetes \u00e1rny\u00e9kot teremt, \u00e9s k\u00e9nyelmesebb\u00e9 teszi a mindennapi kinti pihen\u00e9st. J\u00f3l m\u0171k\u00f6dik terasz f\u00f6l\u00e9, kocsibe\u00e1ll\u00f3hoz, medence mell\u00e9, kerti \u00e9tkez\u0151 f\u00f6l\u00e9, grill, kemence, bogr\u00e1csoz\u00f3 vagy kerti konyha k\u00f6zel\u00e9be, de [&hellip;]<\/p>\n","protected":false},"author":4,"featured_media":1006,"comment_status":"open","ping_status":"open","sticky":false,"template":"","format":"standard","meta":{"_uag_custom_page_level_css":"","footnotes":""},"categories":[30],"tags":[],"class_list":["post-1738","post","type-post","status-publish","format-standard","has-post-thumbnail","hentry","category-modulart-blog"],"uagb_featured_image_src":{"full":["https:\/\/modulartsystem.hu\/wp-content\/uploads\/2025\/06\/IMG_0737-scaled.jpg",1920,2560,false],"thumbnail":["https:\/\/modulartsystem.hu\/wp-content\/uploads\/2025\/06\/IMG_0737-150x150.jpg",150,150,true],"medium":["https:\/\/modulartsystem.hu\/wp-content\/uploads\/2025\/06\/IMG_0737-225x300.jpg",225,300,true],"medium_large":["https:\/\/modulartsystem.hu\/wp-content\/uploads\/2025\/06\/IMG_0737-768x1024.jpg",768,1024,true],"large":["https:\/\/modulartsystem.hu\/wp-content\/uploads\/2025\/06\/IMG_0737-768x1024.jpg",768,1024,true],"1536x1536":["https:\/\/modulartsystem.hu\/wp-content\/uploads\/2025\/06\/IMG_0737-1152x1536.jpg",1152,1536,true],"2048x2048":["https:\/\/modulartsystem.hu\/wp-content\/uploads\/2025\/06\/IMG_0737-1536x2048.jpg",1536,2048,true],"trp-custom-language-flag":["https:\/\/modulartsystem.hu\/wp-content\/uploads\/2025\/06\/IMG_0737-9x12.jpg",9,12,true],"woocommerce_thumbnail":["https:\/\/modulartsystem.hu\/wp-content\/uploads\/2025\/06\/IMG_0737-300x300.jpg",300,300,true],"woocommerce_single":["https:\/\/modulartsystem.hu\/wp-content\/uploads\/2025\/06\/IMG_0737-600x800.jpg",600,800,true],"woocommerce_gallery_thumbnail":["https:\/\/modulartsystem.hu\/wp-content\/uploads\/2025\/06\/IMG_0737-100x100.jpg",100,100,true]},"uagb_author_info":{"display_name":"Nagy Csaba","author_link":"https:\/\/modulartsystem.hu\/en\/author\/npmedia\/"},"uagb_comment_info":0,"uagb_excerpt":"A pergola id\u0151j\u00e1r\u00e1s elleni v\u00e9delem az egyik legfontosabb szempont, ha hossz\u00fa t\u00e1vra keresel \u00e1rny\u00e9kol\u00f3t, teraszfed\u00e9st vagy eszt\u00e9tikus k\u00fclt\u00e9ri megold\u00e1st. Egy fa pergola k\u00fcl\u00f6nleges hangulatot ad a kertnek, term\u00e9szetes \u00e1rny\u00e9kot teremt, \u00e9s k\u00e9nyelmesebb\u00e9 teszi a mindennapi kinti pihen\u00e9st. J\u00f3l m\u0171k\u00f6dik terasz f\u00f6l\u00e9, kocsibe\u00e1ll\u00f3hoz, medence mell\u00e9, kerti \u00e9tkez\u0151 f\u00f6l\u00e9, grill, kemence, bogr\u00e1csoz\u00f3 vagy kerti konyha k\u00f6zel\u00e9be, de&hellip;","_links":{"self":[{"href":"https:\/\/modulartsystem.hu\/en\/wp-json\/wp\/v2\/posts\/1738","targetHints":{"allow":["GET"]}}],"collection":[{"href":"https:\/\/modulartsystem.hu\/en\/wp-json\/wp\/v2\/posts"}],"about":[{"href":"https:\/\/modulartsystem.hu\/en\/wp-json\/wp\/v2\/types\/post"}],"author":[{"embeddable":true,"href":"https:\/\/modulartsystem.hu\/en\/wp-json\/wp\/v2\/users\/4"}],"replies":[{"embeddable":true,"href":"https:\/\/modulartsystem.hu\/en\/wp-json\/wp\/v2\/comments?post=1738"}],"version-history":[{"count":1,"href":"https:\/\/modulartsystem.hu\/en\/wp-json\/wp\/v2\/posts\/1738\/revisions"}],"predecessor-version":[{"id":1739,"href":"https:\/\/modulartsystem.hu\/en\/wp-json\/wp\/v2\/posts\/1738\/revisions\/1739"}],"wp:featuredmedia":[{"embeddable":true,"href":"https:\/\/modulartsystem.hu\/en\/wp-json\/wp\/v2\/media\/1006"}],"wp:attachment":[{"href":"https:\/\/modulartsystem.hu\/en\/wp-json\/wp\/v2\/media?parent=1738"}],"wp:term":[{"taxonomy":"category","embeddable":true,"href":"https:\/\/modulartsystem.hu\/en\/wp-json\/wp\/v2\/categories?post=1738"},{"taxonomy":"post_tag","embeddable":true,"href":"https:\/\/modulartsystem.hu\/en\/wp-json\/wp\/v2\/tags?post=1738"}],"curies":[{"name":"wp","href":"https:\/\/api.w.org\/{rel}","templated":true}]}}