{"id":1736,"date":"2026-07-24T10:23:30","date_gmt":"2026-07-24T08:23:30","guid":{"rendered":"https:\/\/modulartsystem.hu\/?p=1736"},"modified":"2026-07-24T10:23:32","modified_gmt":"2026-07-24T08:23:32","slug":"gyakori-hibak-amelyek-roviditik-a-pergola-elettartamat","status":"publish","type":"post","link":"https:\/\/modulartsystem.hu\/en\/gyakori-hibak-amelyek-roviditik-a-pergola-elettartamat\/","title":{"rendered":"Gyakori hib\u00e1k, amelyek r\u00f6vid\u00edtik a pergola \u00e9lettartam\u00e1t"},"content":{"rendered":"<p class=\"wp-block-paragraph\">A pergola \u00e9lettartama nagyban f\u00fcgg att\u00f3l, hogyan v\u00e1lasztjuk ki, hov\u00e1 helyezz\u00fck, milyen faanyagb\u00f3l k\u00e9sz\u00fcl, \u00e9s mennyire figyel\u00fcnk r\u00e1 az \u00e9vek sor\u00e1n. Egy j\u00f3l megtervezett fa pergola hossz\u00fa id\u0151n \u00e1t lehet a kert vagy terasz egyik legszebb \u00e9s leghasznosabb eleme, de vannak olyan gyakori hib\u00e1k, amelyek jelent\u0151sen ler\u00f6vid\u00edthetik az \u00e9lettartam\u00e1t. Ezek a hib\u00e1k sokszor nem azonnal l\u00e1tszanak, hanem h\u00f3napok vagy \u00e9vek alatt okoznak probl\u00e9m\u00e1t: fakul\u00e1s, reped\u00e9s, vetemed\u00e9s, nedvess\u00e9g okozta k\u00e1rosod\u00e1s vagy s\u00e9r\u00fclt fel\u00fcletkezel\u00e9s form\u00e1j\u00e1ban.<\/p>\n\n\n\n<p class=\"wp-block-paragraph\">A fa pergola az\u00e9rt n\u00e9pszer\u0171 v\u00e1laszt\u00e1s, mert term\u00e9szetes, meleg \u00e9s otthonos hangulatot ad a k\u00fclt\u00e9ri t\u00e9rnek. Kiv\u00e1l\u00f3 megold\u00e1s lehet terasz f\u00f6l\u00e9, kerti \u00e9tkez\u0151 f\u00f6l\u00e9, medence mell\u00e9, kocsibe\u00e1ll\u00f3hoz, grill, kemence, bogr\u00e1csoz\u00f3 vagy kerti konyha k\u00f6zel\u00e9be, de ak\u00e1r vend\u00e9gl\u00e1t\u00f3terasz, rendezv\u00e9nyhelysz\u00edn vagy pihen\u0151sarok f\u00f6l\u00e9 is. Egy j\u00f3l elhelyezett pergola nemcsak \u00e1rny\u00e9kol\u00e1st biztos\u00edt, hanem kijel\u00f6li a k\u00fclt\u00e9ri \u00e9let k\u00f6zpontj\u00e1t: azt a helyet, ahol j\u00f3 le\u00fclni, besz\u00e9lgetni, enni, pihenni vagy vend\u00e9geket fogadni.<\/p>\n\n\n\n<p class=\"wp-block-paragraph\">Ahhoz viszont, hogy a fa pergola val\u00f3ban hossz\u00fa t\u00e1v\u00fa megold\u00e1s legyen, nem el\u00e9g egyszer meg\u00e9p\u00edteni \u00e9s ut\u00e1na teljesen mag\u00e1ra hagyni. A pergola nem ig\u00e9nyel bonyolult gondoz\u00e1st, de n\u00e9h\u00e1ny alapvet\u0151 szab\u00e1ly betart\u00e1s\u00e1ra sz\u00fcks\u00e9g van. A karbantart\u00e1s teljes elhanyagol\u00e1sa, a nem k\u00fclt\u00e9rre val\u00f3 fest\u00e9k vagy bevonat haszn\u00e1lata, a tart\u00f3s nedvess\u00e9gnek kitett fa r\u00e9szek, a rossz v\u00edzelvezet\u00e9s \u00e9s a s\u00e9r\u00fclt fel\u00fcletkezel\u00e9s jav\u00edt\u00e1s\u00e1nak halogat\u00e1sa mind olyan t\u00e9nyez\u0151, amely l\u00e1tv\u00e1nyosan cs\u00f6kkentheti a pergola \u00e9lettartam\u00e1t.<\/p>\n\n\n\n<h2 class=\"wp-block-heading\"><strong>Fa pergola nedvess\u00e9g: mi\u00e9rt vesz\u00e9lyes, ha a v\u00edz tart\u00f3san a f\u00e1n marad?<\/strong><\/h2>\n\n\n\n<p class=\"wp-block-paragraph\">A fa pergola nedvess\u00e9g szempontj\u00e1b\u00f3l k\u00fcl\u00f6n\u00f6sen \u00e9rz\u00e9keny k\u00fclt\u00e9ri szerkezet, hiszen folyamatosan tal\u00e1lkozik es\u0151vel, p\u00e1r\u00e1val, h\u00f3val, harmattal \u00e9s h\u0151m\u00e9rs\u00e9klet-v\u00e1ltoz\u00e1ssal. Ez \u00f6nmag\u00e1ban m\u00e9g nem probl\u00e9ma, hiszen a k\u00fclt\u00e9ri fa megfelel\u0151 fel\u00fcletkezel\u00e9ssel j\u00f3l viseli az id\u0151j\u00e1r\u00e1st. A gond akkor kezd\u0151dik, amikor a v\u00edz tart\u00f3san meg\u00e1ll bizonyos fel\u00fcleteken, csatlakoz\u00e1sokn\u00e1l vagy olyan pontokon, ahol a fa nem tud megfelel\u0151en kisz\u00e1radni.<\/p>\n\n\n\n<p class=\"wp-block-paragraph\">Az egyik leggyakoribb hiba, hogy a pergola k\u00f6rnyezet\u00e9ben nem figyel\u00fcnk a v\u00edzelvezet\u00e9sre. Ha a szerkezet l\u00e1bazat\u00e1n\u00e1l, oszlopain\u00e1l vagy v\u00edzszintes r\u00e9szein\u00e9l rendszeresen \u00f6sszegy\u0171lik a csapad\u00e9k, az hossz\u00fa t\u00e1von k\u00e1ros\u00edthatja a faanyagot. Ugyanez igaz akkor is, ha a pergola k\u00f6zvetlen k\u00f6zel\u00e9ben t\u00fal s\u0171r\u0171 n\u00f6v\u00e9nyzet n\u0151, amely akad\u00e1lyozza a szell\u0151z\u00e9st, vagy ha a falevelek, \u00e1gak \u00e9s szennyez\u0151d\u00e9sek hossz\u00fa ideig a fa fel\u00fclet\u00e9n maradnak.<\/p>\n\n\n\n<p class=\"wp-block-paragraph\">A tart\u00f3s nedvess\u00e9g nem mindig l\u00e1tv\u00e1nyos az els\u0151 id\u0151szakban. El\u0151sz\u00f6r csak enyhe elsz\u00ednez\u0151d\u00e9s, mattul\u00e1s vagy apr\u00f3 reped\u00e9sek jelenhetnek meg, k\u00e9s\u0151bb viszont a fa szerkezeti \u00e1llapot\u00e1ra is hat\u00e1ssal lehet. Ez\u00e9rt fontos, hogy a pergola ne csak sz\u00e9p legyen, hanem olyan helyre ker\u00fclj\u00f6n, ahol a v\u00edz nem \u00e1ll meg tart\u00f3san, \u00e9s ahol a szerkezet term\u00e9szetes m\u00f3don ki tud sz\u00e1radni egy es\u0151s id\u0151szak ut\u00e1n.<\/p>\n\n\n\n<p class=\"wp-block-paragraph\">Kocsibe\u00e1ll\u00f3 f\u00f6l\u00e9, terasz f\u00f6l\u00e9 vagy medence mell\u00e9 \u00e9p\u00edtett pergola eset\u00e9n k\u00fcl\u00f6n\u00f6sen fontos az \u00e1tgondolt elhelyez\u00e9s. Egy medence k\u00f6rnyezet\u00e9ben p\u00e9ld\u00e1ul magasabb lehet a p\u00e1raterhel\u00e9s, m\u00edg egy terasz f\u00f6l\u00f6tt a tet\u0151r\u0151l, ereszr\u0151l vagy burkolatr\u00f3l \u00e9rkez\u0151 v\u00edz okozhat probl\u00e9m\u00e1t, ha rossz ir\u00e1nyba folyik. Kerti konyha, grill vagy bogr\u00e1csoz\u00f3 mellett pedig a f\u00fcst, zs\u00edr, p\u00e1ra \u00e9s szennyez\u0151d\u00e9s miatt lehet sz\u00fcks\u00e9g gyakoribb ellen\u0151rz\u00e9sre.<\/p>\n\n\n\n<p class=\"wp-block-paragraph\">A v\u00edzelvezet\u00e9s teh\u00e1t nem apr\u00f3 technikai r\u00e9szlet, hanem a pergola \u00e9lettartama szempontj\u00e1b\u00f3l alapvet\u0151 k\u00e9rd\u00e9s. Ha a v\u00edz el tud folyni, a fa j\u00f3l szell\u0151zik, a csatlakoz\u00e1si pontok tiszt\u00e1k maradnak, \u00e9s a fel\u00fcletkezel\u00e9s \u00e9ps\u00e9g\u00e9re is figyel\u00fcnk, sokkal nagyobb es\u00e9llyel \u0151rizhetj\u00fck meg a pergola sz\u00e9ps\u00e9g\u00e9t hossz\u00fa \u00e9veken \u00e1t.<\/p>\n\n\n\n<h2 class=\"wp-block-heading\"><strong>Fa pergola \u00e1pol\u00e1sa: milyen hib\u00e1kat \u00e9rdemes elker\u00fclni?<\/strong><\/h2>\n\n\n\n<p class=\"wp-block-paragraph\">A fa pergola \u00e1pol\u00e1sa nem bonyolult feladat, m\u00e9gis sokan ott hib\u00e1znak, hogy teljesen elhanyagolj\u00e1k. A k\u00fclt\u00e9ri fa term\u00e9szetes anyag, amely reag\u00e1l a k\u00f6rnyezetre. A naps\u00fct\u00e9s, az es\u0151, a p\u00e1ra, a sz\u00e9l, a fagy \u00e9s a mindennapi haszn\u00e1lat mind hat\u00e1ssal van r\u00e1. Ha \u00e9vekig nem n\u00e9z\u00fcnk r\u00e1 tudatosan, nem tiszt\u00edtjuk meg, nem ellen\u0151rizz\u00fck a fel\u00fclet\u00e9t, \u00e9s nem jav\u00edtjuk a kisebb s\u00e9r\u00fcl\u00e9seket, akkor a pergola \u00e1llapota fokozatosan romolhat.<\/p>\n\n\n\n<p class=\"wp-block-paragraph\">Az els\u0151 gyakori hiba a rendszeres tiszt\u00edt\u00e1s hi\u00e1nya. A por, pollen, falev\u00e9l, mad\u00e1r\u00fcr\u00fcl\u00e9k \u00e9s egy\u00e9b lerak\u00f3d\u00e1s nemcsak eszt\u00e9tikailag zavar\u00f3, hanem hosszabb t\u00e1von a fel\u00fcletet is terhelheti. \u00c9rdemes id\u0151nk\u00e9nt puha kef\u00e9vel, enyh\u00e9n nedves kend\u0151vel vagy k\u00edm\u00e9l\u0151 tiszt\u00edt\u00e1ssal elt\u00e1vol\u00edtani a szennyez\u0151d\u00e9seket. K\u00fcl\u00f6n\u00f6sen szezon elej\u00e9n, tavasszal hasznos egy alaposabb \u00e1tvizsg\u00e1l\u00e1s, hogy a pergola a ny\u00e1ri haszn\u00e1latra m\u00e1r rendezett \u00e1llapotban legyen.<\/p>\n\n\n\n<p class=\"wp-block-paragraph\">A m\u00e1sodik gyakori hiba a nem k\u00fclt\u00e9rre val\u00f3 fest\u00e9k vagy bevonat haszn\u00e1lata. Belt\u00e9ri fest\u00e9k, nem megfelel\u0151 laz\u00far vagy gyenge min\u0151s\u00e9g\u0171 bevonat k\u00fclt\u00e9ren gyorsan t\u00f6nkremehet. Megrepedezhet, lepattoghat, nem v\u00e9di megfelel\u0151en a f\u00e1t az UV-sug\u00e1rz\u00e1st\u00f3l \u00e9s a nedvess\u00e9gt\u0151l, \u00edgy a pergola fel\u00fclete hamarabb \u00f6regedhet. K\u00fclt\u00e9ri fa pergola eset\u00e9n mindig olyan bevonatra van sz\u00fcks\u00e9g, amelyet kifejezetten id\u0151j\u00e1r\u00e1snak kitett faanyagokra terveztek.<\/p>\n\n\n\n<p class=\"wp-block-paragraph\">A harmadik gyakori hiba a s\u00e9r\u00fclt fel\u00fcletkezel\u00e9s jav\u00edt\u00e1s\u00e1nak halogat\u00e1sa. Ha a fa fel\u00fclet\u00e9n kop\u00e1s, reped\u00e9s, lepattogz\u00e1s vagy elsz\u00ednez\u0151d\u00e9s l\u00e1tszik, nem \u00e9rdemes \u00e9veket v\u00e1rni a jav\u00edt\u00e1ssal. Min\u00e9l tov\u00e1bb marad s\u00e9r\u00fclt a v\u00e9d\u0151r\u00e9teg, ann\u00e1l k\u00f6nnyebben jut nedvess\u00e9g a f\u00e1ba. A kisebb hib\u00e1k korai jav\u00edt\u00e1sa sokkal egyszer\u0171bb \u00e9s k\u00f6lts\u00e9ghat\u00e9konyabb, mint k\u00e9s\u0151bb egy er\u0151sen k\u00e1rosodott fel\u00fclet helyre\u00e1ll\u00edt\u00e1sa.<\/p>\n\n\n\n<p class=\"wp-block-paragraph\">A fa pergola \u00e1pol\u00e1sa sor\u00e1n fontos az \u00e9ves ellen\u0151rz\u00e9s. N\u00e9zz\u00fck \u00e1t az oszlopokat, v\u00edzszintes elemeket, csatlakoz\u00e1sokat, \u00e1rny\u00e9kol\u00f3 elemeket \u00e9s a legink\u00e1bb kitett fel\u00fcleteket. Ha napvitorl\u00e1val, szaruf\u00e1kkal vagy n\u00f6v\u00e9nyfuttat\u00f3 funkci\u00f3val haszn\u00e1ljuk a pergol\u00e1t, ezek k\u00f6rnyezet\u00e9t is \u00e9rdemes ellen\u0151rizni. A fut\u00f3n\u00f6v\u00e9nyek p\u00e9ld\u00e1ul csod\u00e1s hangulatot adhatnak, de ha t\u00fal s\u0171r\u0171n n\u0151nek r\u00e1 a szerkezetre, bent tarthatj\u00e1k a nedvess\u00e9get \u00e9s akad\u00e1lyozhatj\u00e1k a szell\u0151z\u00e9st.<\/p>\n\n\n\n<p class=\"wp-block-paragraph\">A megfelel\u0151 \u00e1pol\u00e1s k\u00fcl\u00f6n\u00f6sen fontos olyan helyeken, ahol a pergola intenz\u00edv haszn\u00e1latban van. Egy vend\u00e9gl\u00e1t\u00f3terasz, rendezv\u00e9nyhelysz\u00edn, kerti \u00e9tkez\u0151 vagy grillterasz eset\u00e9ben t\u00f6bb szennyez\u0151d\u00e9s, t\u00f6bb \u00e9rintkez\u00e9s \u00e9s nagyobb terhel\u00e9s \u00e9rheti a szerkezetet. Ilyenkor \u00e9rdemes nemcsak \u00e9vente egyszer, hanem szezon k\u00f6zben is r\u00e1n\u00e9zni a fel\u00fclet \u00e1llapot\u00e1ra.<\/p>\n\n\n\n<p class=\"wp-block-paragraph\">Ha szeretn\u00e9l inspir\u00e1ci\u00f3t mer\u00edteni ahhoz, hogyan mutathat egy ig\u00e9nyesen kialak\u00edtott fa pergola k\u00fcl\u00f6nb\u00f6z\u0151 k\u00f6rnyezetekben, \u00e9rdemes megn\u00e9zni a <a href=\"https:\/\/modulartsystem.hu\/en\/galeria\/\">ModulART gal\u00e9ri\u00e1t<\/a>. A j\u00f3l megtervezett pergola nemcsak \u00e1rny\u00e9kol\u00f3, hanem a kert vagy terasz egyik meghat\u00e1roz\u00f3 l\u00e1tv\u00e1nyeleme is lehet.<\/p>\n\n\n\n<h2 class=\"wp-block-heading\"><strong>\u00cdgy hosszabb\u00edthat\u00f3 meg a pergola \u00e9lettartama a mindennapokban<\/strong><\/h2>\n\n\n\n<p class=\"wp-block-paragraph\">A pergola \u00e9lettartama sokszor apr\u00f3, de rendszeres l\u00e9p\u00e9seken m\u00falik. Nem kell minden h\u00f3napban nagy karbantart\u00e1st v\u00e9gezni, de \u00e9rdemes tudatosan figyelni a szerkezet \u00e1llapot\u00e1ra. A rendszeres tiszt\u00edt\u00e1s, a v\u00edzelvezet\u00e9s ellen\u0151rz\u00e9se, a j\u00f3 szell\u0151z\u00e9s, a k\u00fclt\u00e9rre val\u00f3 fel\u00fcletkezel\u00e9s \u00e9s a kisebb s\u00e9r\u00fcl\u00e9sek gyors jav\u00edt\u00e1sa egy\u00fctt hossz\u00fa \u00e9vekkel meghosszabb\u00edthatj\u00e1k a pergola sz\u00e9p \u00e1llapot\u00e1t.<\/p>\n\n\n\n<p class=\"wp-block-paragraph\">A legjobb, ha a pergol\u00e1t minden szezon elej\u00e9n \u00e1tn\u00e9zz\u00fck. Tavasszal ellen\u0151rizz\u00fck, maradt-e rajta t\u00e9li szennyez\u0151d\u00e9s, van-e rajta l\u00e1that\u00f3 reped\u00e9s, fakul\u00e1s vagy s\u00e9r\u00fclt bevonat. Ny\u00e1ron figyelj\u00fcnk az er\u0151s napsug\u00e1rz\u00e1s okozta fakul\u00e1sra, \u0151sszel pedig t\u00e1vol\u00edtsuk el a lehullott leveleket, \u00e1gakat \u00e9s nedvess\u00e9get megtart\u00f3 szennyez\u0151d\u00e9seket. \u00cdgy a fa pergola nemcsak szebb marad, hanem kevesebb jav\u00edt\u00e1st ig\u00e9nyel hossz\u00fa t\u00e1von.<\/p>\n\n\n\n<p class=\"wp-block-paragraph\">A pergola fel\u00fcletkezel\u00e9s \u00e1llapot\u00e1t mindig komolyan kell venni. Ha a bevonat m\u00e1r nem tasz\u00edtja megfelel\u0151en a vizet, ha a fa sz\u00edne l\u00e1tv\u00e1nyosan megv\u00e1ltozott, vagy ha a fel\u00fclet \u00e9rdes, kopott, repedezett, akkor \u00e9rdemes friss\u00edteni a v\u00e9delmet. A k\u00fclt\u00e9ri laz\u00far, faolaj vagy fav\u00e9d\u0151 bevonat kiv\u00e1laszt\u00e1s\u00e1n\u00e1l mindig a faanyaghoz \u00e9s a k\u00f6rnyezeti terhel\u00e9shez igazodjunk.<\/p>\n\n\n\n<p class=\"wp-block-paragraph\">A tart\u00f3ss\u00e1g m\u00e1r a v\u00e1laszt\u00e1sn\u00e1l kezd\u0151dik. \u00c9rdemes olyan pergola rendszert v\u00e1lasztani, amelyn\u00e9l a m\u00e9ret, a kialak\u00edt\u00e1s \u00e9s a faanyag is az adott felhaszn\u00e1l\u00e1shoz igaz\u00edthat\u00f3. A <a href=\"https:\/\/modulartsystem.hu\/en\/product-tag\/pergola-csomagok\/\">ModulART pergola csomagok<\/a> k\u00f6z\u00f6tt falhoz r\u00f6gz\u00edthet\u0151, szabadon \u00e1ll\u00f3, napvitorl\u00e1s \u00e9s szarufatart\u00f3s megold\u00e1sok is el\u00e9rhet\u0151k, \u00edgy k\u00f6nnyebb olyan szerkezetet v\u00e1lasztani, amely val\u00f3ban illik a teraszhoz, kerthez, aut\u00f3be\u00e1ll\u00f3hoz vagy pihen\u0151helyhez.<\/p>\n\n\n\n<p class=\"wp-block-paragraph\">Egy pergola akkor lesz igaz\u00e1n j\u00f3 d\u00f6nt\u00e9s, ha hossz\u00fa t\u00e1von gondolkodunk benne. Nemcsak azt \u00e9rdemes n\u00e9zni, hogyan mutat az els\u0151 napon, hanem azt is, hogyan fog m\u0171k\u00f6dni \u00e9vek m\u00falva. Kap-e el\u00e9g szell\u0151z\u00e9st? Nem \u00e1ll meg rajta vagy k\u00f6r\u00fcl\u00f6tte a v\u00edz? K\u00f6nnyen hozz\u00e1f\u00e9rhet\u0151 lesz karbantart\u00e1skor? Megfelel\u0151 k\u00fclt\u00e9ri bevonat v\u00e9di? Ezek a k\u00e9rd\u00e9sek mind hozz\u00e1j\u00e1rulnak ahhoz, hogy a pergola \u00e9lettartama min\u00e9l hosszabb legyen.<\/p>\n\n\n\n<p class=\"wp-block-paragraph\">Ha term\u00e9szetes megjelen\u00e9s\u0171, alak\u00edthat\u00f3 \u00e9s hossz\u00fa t\u00e1vra tervezhet\u0151 fa pergol\u00e1t keresel, fedezd fel a <a href=\"https:\/\/modulartsystem.hu\/en\/\">ModulART megold\u00e1sait<\/a>. V\u00e1lassz a pergola csomagok k\u00f6z\u00fcl, n\u00e9zd meg a faanyag lehet\u0151s\u00e9geket, inspir\u00e1l\u00f3dj a gal\u00e9ri\u00e1b\u00f3l, \u00e9s alak\u00edts ki olyan \u00e1rny\u00e9kos k\u00fclt\u00e9ri teret, amelyet \u00e9veken \u00e1t \u00f6r\u00f6mmel haszn\u00e1lsz.<\/p>","protected":false},"excerpt":{"rendered":"<p>A pergola \u00e9lettartama nagyban f\u00fcgg att\u00f3l, hogyan v\u00e1lasztjuk ki, hov\u00e1 helyezz\u00fck, milyen faanyagb\u00f3l k\u00e9sz\u00fcl, \u00e9s mennyire figyel\u00fcnk r\u00e1 az \u00e9vek sor\u00e1n. Egy j\u00f3l megtervezett fa pergola hossz\u00fa id\u0151n \u00e1t lehet a kert vagy terasz egyik legszebb \u00e9s leghasznosabb eleme, de vannak olyan gyakori hib\u00e1k, amelyek jelent\u0151sen ler\u00f6vid\u00edthetik az \u00e9lettartam\u00e1t. Ezek a hib\u00e1k sokszor nem azonnal [&hellip;]<\/p>\n","protected":false},"author":4,"featured_media":500,"comment_status":"open","ping_status":"open","sticky":false,"template":"","format":"standard","meta":{"_uag_custom_page_level_css":"","footnotes":""},"categories":[30],"tags":[],"class_list":["post-1736","post","type-post","status-publish","format-standard","has-post-thumbnail","hentry","category-modulart-blog"],"uagb_featured_image_src":{"full":["https:\/\/modulartsystem.hu\/wp-content\/uploads\/2024\/08\/EXTERIOR-4-scaled.jpg",2560,1440,false],"thumbnail":["https:\/\/modulartsystem.hu\/wp-content\/uploads\/2024\/08\/EXTERIOR-4-150x150.jpg",150,150,true],"medium":["https:\/\/modulartsystem.hu\/wp-content\/uploads\/2024\/08\/EXTERIOR-4-300x169.jpg",300,169,true],"medium_large":["https:\/\/modulartsystem.hu\/wp-content\/uploads\/2024\/08\/EXTERIOR-4-768x432.jpg",768,432,true],"large":["https:\/\/modulartsystem.hu\/wp-content\/uploads\/2024\/08\/EXTERIOR-4-1024x576.jpg",800,450,true],"1536x1536":["https:\/\/modulartsystem.hu\/wp-content\/uploads\/2024\/08\/EXTERIOR-4-1536x864.jpg",1536,864,true],"2048x2048":["https:\/\/modulartsystem.hu\/wp-content\/uploads\/2024\/08\/EXTERIOR-4-2048x1152.jpg",2048,1152,true],"trp-custom-language-flag":["https:\/\/modulartsystem.hu\/wp-content\/uploads\/2024\/08\/EXTERIOR-4-18x10.jpg",18,10,true],"woocommerce_thumbnail":["https:\/\/modulartsystem.hu\/wp-content\/uploads\/2024\/08\/EXTERIOR-4-300x300.jpg",300,300,true],"woocommerce_single":["https:\/\/modulartsystem.hu\/wp-content\/uploads\/2024\/08\/EXTERIOR-4-600x338.jpg",600,338,true],"woocommerce_gallery_thumbnail":["https:\/\/modulartsystem.hu\/wp-content\/uploads\/2024\/08\/EXTERIOR-4-100x100.jpg",100,100,true]},"uagb_author_info":{"display_name":"Nagy Csaba","author_link":"https:\/\/modulartsystem.hu\/en\/author\/npmedia\/"},"uagb_comment_info":0,"uagb_excerpt":"A pergola \u00e9lettartama nagyban f\u00fcgg att\u00f3l, hogyan v\u00e1lasztjuk ki, hov\u00e1 helyezz\u00fck, milyen faanyagb\u00f3l k\u00e9sz\u00fcl, \u00e9s mennyire figyel\u00fcnk r\u00e1 az \u00e9vek sor\u00e1n. Egy j\u00f3l megtervezett fa pergola hossz\u00fa id\u0151n \u00e1t lehet a kert vagy terasz egyik legszebb \u00e9s leghasznosabb eleme, de vannak olyan gyakori hib\u00e1k, amelyek jelent\u0151sen ler\u00f6vid\u00edthetik az \u00e9lettartam\u00e1t. Ezek a hib\u00e1k sokszor nem azonnal&hellip;","_links":{"self":[{"href":"https:\/\/modulartsystem.hu\/en\/wp-json\/wp\/v2\/posts\/1736","targetHints":{"allow":["GET"]}}],"collection":[{"href":"https:\/\/modulartsystem.hu\/en\/wp-json\/wp\/v2\/posts"}],"about":[{"href":"https:\/\/modulartsystem.hu\/en\/wp-json\/wp\/v2\/types\/post"}],"author":[{"embeddable":true,"href":"https:\/\/modulartsystem.hu\/en\/wp-json\/wp\/v2\/users\/4"}],"replies":[{"embeddable":true,"href":"https:\/\/modulartsystem.hu\/en\/wp-json\/wp\/v2\/comments?post=1736"}],"version-history":[{"count":1,"href":"https:\/\/modulartsystem.hu\/en\/wp-json\/wp\/v2\/posts\/1736\/revisions"}],"predecessor-version":[{"id":1737,"href":"https:\/\/modulartsystem.hu\/en\/wp-json\/wp\/v2\/posts\/1736\/revisions\/1737"}],"wp:featuredmedia":[{"embeddable":true,"href":"https:\/\/modulartsystem.hu\/en\/wp-json\/wp\/v2\/media\/500"}],"wp:attachment":[{"href":"https:\/\/modulartsystem.hu\/en\/wp-json\/wp\/v2\/media?parent=1736"}],"wp:term":[{"taxonomy":"category","embeddable":true,"href":"https:\/\/modulartsystem.hu\/en\/wp-json\/wp\/v2\/categories?post=1736"},{"taxonomy":"post_tag","embeddable":true,"href":"https:\/\/modulartsystem.hu\/en\/wp-json\/wp\/v2\/tags?post=1736"}],"curies":[{"name":"wp","href":"https:\/\/api.w.org\/{rel}","templated":true}]}}