{"id":1734,"date":"2026-07-24T10:19:29","date_gmt":"2026-07-24T08:19:29","guid":{"rendered":"https:\/\/modulartsystem.hu\/?p=1734"},"modified":"2026-07-24T10:19:31","modified_gmt":"2026-07-24T08:19:31","slug":"fa-pergola-karbantartasa-hogyan-marad-szep-eveken-at","status":"publish","type":"post","link":"https:\/\/modulartsystem.hu\/en\/fa-pergola-karbantartasa-hogyan-marad-szep-eveken-at\/","title":{"rendered":"Fa pergola karbantart\u00e1sa: hogyan marad sz\u00e9p \u00e9veken \u00e1t?"},"content":{"rendered":"<p class=\"wp-block-paragraph\">A fa pergola az egyik legszebb \u00e9s legsokoldal\u00fabb k\u00fclt\u00e9ri megold\u00e1s, ha term\u00e9szetes \u00e1rny\u00e9kol\u00e1st, hangulatos teraszfed\u00e9st vagy k\u00e9nyelmes kerti pihen\u0151helyet szeretn\u00e9nk kialak\u00edtani. Egy j\u00f3l megtervezett pergola nemcsak praktikus \u00e1rny\u00e9kot ad, hanem karaktert is visz a kertbe: kijel\u00f6l egy kellemes k\u00fclt\u00e9ri \u00e9letteret, ahol lehet reggelizni, pihenni, vend\u00e9geket fogadni, grillezni vagy ak\u00e1r egy nyugodt d\u00e9lut\u00e1nt elt\u00f6lteni a csal\u00e1ddal.<\/p>\n\n\n\n<p class=\"wp-block-paragraph\">Sokan az\u00e9rt bizonytalanok a fa pergola v\u00e1laszt\u00e1s\u00e1ban, mert att\u00f3l tartanak, hogy a fa t\u00fal sok t\u00f6r\u0151d\u00e9st ig\u00e9nyel. A val\u00f3s\u00e1gban azonban a fa pergola karbantart\u00e1sa nem bonyolult, csup\u00e1n rendszeress\u00e9get \u00e9s n\u00e9h\u00e1ny alapvet\u0151 \u00e1pol\u00e1si l\u00e9p\u00e9st ig\u00e9nyel. Ha figyel\u00fcnk a tiszt\u00edt\u00e1sra, az id\u0151szakos ellen\u0151rz\u00e9sre \u00e9s a megfelel\u0151 fel\u00fcletkezel\u00e9sre, a pergola \u00e9veken \u00e1t sz\u00e9p, stabil \u00e9s eszt\u00e9tikus r\u00e9sze maradhat a kertnek vagy a terasznak.<\/p>\n\n\n\n<p class=\"wp-block-paragraph\">A fa pergola k\u00fcl\u00f6n\u00f6sen j\u00f3 v\u00e1laszt\u00e1s lehet terasz f\u00f6l\u00e9, medence mell\u00e9, kocsibe\u00e1ll\u00f3 f\u00f6l\u00e9, kerti \u00e9tkez\u0151 vagy \u00fcl\u0151garnit\u00fara f\u00f6l\u00e9, de ak\u00e1r kemence, grill, bogr\u00e1csoz\u00f3 vagy kerti konyha mell\u00e9 is. Egy term\u00e9szetes fa szerkezet j\u00f3l illeszkedik a n\u00f6v\u00e9nyekhez, burkolatokhoz, kerti b\u00fatorokhoz \u00e9s a h\u00e1z k\u00fcls\u0151 megjelen\u00e9s\u00e9hez is. Nem hars\u00e1ny, nem idegen a k\u00f6rnyezetben, hanem otthonos, meleg \u00e9s id\u0151t\u00e1ll\u00f3 hangulatot teremt.<\/p>\n\n\n\n<h2 class=\"wp-block-heading\"><strong>Fa pergola el\u0151nyei, ami\u00e9rt hossz\u00fa t\u00e1von is meg\u00e9ri v\u00e1lasztani<\/strong><\/h2>\n\n\n\n<p class=\"wp-block-paragraph\">A fa pergola egyik legnagyobb el\u0151nye a term\u00e9szetes megjelen\u00e9s. Egy kertben vagy teraszon a fa sokkal melegebb, bar\u00e1ts\u00e1gosabb hat\u00e1st kelt, mint sok mesters\u00e9ges anyag. J\u00f3l mutat modern, mediterr\u00e1n, rusztikus \u00e9s klasszikus k\u00f6rnyezetben is, \u00edgy k\u00f6nnyen hozz\u00e1igaz\u00edthat\u00f3 az otthon st\u00edlus\u00e1hoz. Egy fa pergola nemcsak \u00e1rny\u00e9kol\u00f3, hanem l\u00e1tv\u00e1nyelem is: k\u00e9pes \u00f6sszefogni a k\u00fclt\u00e9ri teret, \u00e9s val\u00f3di pihen\u0151z\u00f3n\u00e1t kialak\u00edtani ott, ahol kor\u00e1bban csak egy \u00fcres, t\u00fal napos vagy kev\u00e9sb\u00e9 haszn\u00e1lt ter\u00fclet volt.<\/p>\n\n\n\n<p class=\"wp-block-paragraph\">Praktikus szempontb\u00f3l is sokoldal\u00fa megold\u00e1s. Terasz f\u00f6l\u00e9 \u00e9p\u00edtve kellemesebb lesz a ny\u00e1ri \u00e9tkez\u00e9s, kerti \u00fcl\u0151garnit\u00fara f\u00f6l\u00e9 helyezve k\u00e9nyelmesebb pihen\u0151helyet ad, medence mellett \u00e1rny\u00e9kos relaxz\u00f3n\u00e1t alak\u00edthat ki, kocsibe\u00e1ll\u00f3 f\u00f6l\u00f6tt pedig eszt\u00e9tikusabb alternat\u00edv\u00e1t ny\u00fajthat egy z\u00e1rt, t\u00f6m\u00f6r szerkezettel szemben. Ugyan\u00edgy j\u00f3l haszn\u00e1lhat\u00f3 vend\u00e9gl\u00e1t\u00f3teraszokon, rendezv\u00e9nyhelysz\u00edneken, kerti j\u00e1tsz\u00f3terek k\u00f6rnyezet\u00e9ben vagy n\u00f6v\u00e9nyfuttat\u00f3 lugask\u00e9nt is.<\/p>\n\n\n\n<p class=\"wp-block-paragraph\">A fa pergola el\u0151nye az is, hogy k\u00f6nnyen kombin\u00e1lhat\u00f3 m\u00e1s k\u00fclt\u00e9ri elemekkel. Napvitorl\u00e1val l\u00e9gies \u00e1rny\u00e9kol\u00e1s alak\u00edthat\u00f3 ki, szaruf\u00e1s megold\u00e1ssal karakteresebb pergolaszerkezet k\u00e9sz\u00fclhet, fut\u00f3n\u00f6v\u00e9nyekkel pedig term\u00e9szetes, z\u00f6ld \u00e1rny\u00e9k hozhat\u00f3 l\u00e9tre. K\u00fclt\u00e9ri vil\u00e1g\u00edt\u00e1ssal, f\u00fcgg\u00f6ny\u00f6kkel, dekor\u00e1ci\u00f3val vagy fa kerti b\u00fatorokkal kieg\u00e9sz\u00edtve a pergola olyan t\u00e9rr\u00e9 v\u00e1lhat, amelyet nemcsak ny\u00e1ron, hanem tavaszt\u00f3l \u0151szig sz\u00edvesen haszn\u00e1lunk.<\/p>\n\n\n\n<p class=\"wp-block-paragraph\">Fontos el\u0151ny a testreszabhat\u00f3s\u00e1g is. Egy modul\u00e1ris fa pergola nem felt\u00e9tlen\u00fcl egy v\u00e9gleges, merev megold\u00e1s. A <a href=\"https:\/\/modulartsystem.hu\/en\/product-tag\/pergola-csomagok\/\">ModulART pergola csomagok<\/a> k\u00f6z\u00f6tt falhoz r\u00f6gz\u00edthet\u0151, szabadon \u00e1ll\u00f3, napvitorl\u00e1val kombin\u00e1lt \u00e9s szarufatart\u00f3s megold\u00e1sok is el\u00e9rhet\u0151k, \u00edgy a szerkezet a rendelkez\u00e9sre \u00e1ll\u00f3 helyhez \u00e9s a tervezett funkci\u00f3hoz igaz\u00edthat\u00f3. Ez k\u00fcl\u00f6n\u00f6sen hasznos akkor, ha a teraszt, kocsibe\u00e1ll\u00f3t, medence melletti pihen\u0151t vagy kerti \u00e9tkez\u0151t nem teljesen egyforma ig\u00e9nyek szerint szeretn\u00e9nk kialak\u00edtani.<\/p>\n\n\n\n<p class=\"wp-block-paragraph\">Sokan a tart\u00f3ss\u00e1g miatt is v\u00e1lasztanak fa pergol\u00e1t. Megfelel\u0151 faanyaggal, gondos kivitelez\u00e9ssel \u00e9s rendszeres \u00e1pol\u00e1ssal a fa hossz\u00fa \u00e9veken \u00e1t meg\u0151rzi sz\u00e9ps\u00e9g\u00e9t. A min\u0151s\u00e9gi alapanyag k\u00fcl\u00f6n\u00f6sen fontos, hiszen egy k\u00fclt\u00e9ri szerkezetnek ellen kell \u00e1llnia a naps\u00fct\u00e9snek, es\u0151nek, p\u00e1r\u00e1nak, h\u0151ingadoz\u00e1snak \u00e9s a mindennapi haszn\u00e1latb\u00f3l ad\u00f3d\u00f3 terhel\u00e9snek.&nbsp;<\/p>\n\n\n\n<p class=\"wp-block-paragraph\">A fa pergola teh\u00e1t nem csup\u00e1n eszt\u00e9tikai v\u00e1laszt\u00e1s. Egy j\u00f3l \u00e1tgondolt szerkezet k\u00e9nyelmesebb\u00e9 teszi a kertet, \u00e1rny\u00e9kot ad a fontos k\u00fclt\u00e9ri z\u00f3n\u00e1k f\u00f6l\u00e9, \u00e9s n\u00f6veli az otthon haszn\u00e1lhat\u00f3 \u00e9letter\u00e9t. R\u00e1ad\u00e1sul, ha rendszeresen gondoskodunk r\u00f3la, hossz\u00fa t\u00e1von is meg\u0151rzi term\u00e9szetes karakter\u00e9t.<\/p>\n\n\n\n<h2 class=\"wp-block-heading\"><strong>Fa pergola \u00e1pol\u00e1sa: mire figyelj a mindennapokban?<\/strong><\/h2>\n\n\n\n<p class=\"wp-block-paragraph\">A fa pergola \u00e1pol\u00e1sa m\u00e1r a rendszeres tiszt\u00edt\u00e1ssal kezd\u0151dik. A k\u00fclt\u00e9ri szerkezetre id\u0151vel por, pollen, falev\u00e9l, mad\u00e1r\u00fcr\u00fcl\u00e9k, es\u0151v\u00edz \u00e1ltal felhordott szennyez\u0151d\u00e9s \u00e9s egy\u00e9b lerak\u00f3d\u00e1s ker\u00fclhet. Ezeket \u00e9rdemes id\u0151nk\u00e9nt elt\u00e1vol\u00edtani, mert nemcsak eszt\u00e9tikailag zavar\u00f3ak, hanem hosszabb t\u00e1von a fel\u00fclet \u00e1llapot\u00e1t is ronthatj\u00e1k. Egy puha kefe, enyh\u00e9n nedves t\u00f6rl\u0151kend\u0151 vagy k\u00edm\u00e9l\u0151 tiszt\u00edt\u00e1s \u00e1ltal\u00e1ban elegend\u0151 a mindennapi szennyez\u0151d\u00e9sek elt\u00e1vol\u00edt\u00e1s\u00e1hoz.<\/p>\n\n\n\n<p class=\"wp-block-paragraph\">Tavasszal k\u00fcl\u00f6n\u00f6sen aj\u00e1nlott alaposan \u00e1tn\u00e9zni a pergol\u00e1t. A t\u00e9li id\u0151szak ut\u00e1n \u00e9rdemes ellen\u0151rizni, hogy nincs-e rajta s\u00e9r\u00fcl\u00e9s, reped\u00e9s, elsz\u00ednez\u0151d\u00e9s, fellazult k\u00f6t\u00e9s vagy olyan pont, ahol a nedvess\u00e9g hosszabb ideig meg\u00e1llhatott. A kisebb hib\u00e1kat jobb id\u0151ben kezelni, mert \u00edgy megel\u0151zhet\u0151, hogy k\u00e9s\u0151bb nagyobb beavatkoz\u00e1sra legyen sz\u00fcks\u00e9g.<\/p>\n\n\n\n<p class=\"wp-block-paragraph\">A fa pergola \u00e1pol\u00e1sa sor\u00e1n fontos a csapad\u00e9k \u00e9s a nedvess\u00e9g figyel\u00e9se is. B\u00e1r a k\u00fclt\u00e9ri fa megfelel\u0151 kezel\u00e9ssel j\u00f3l b\u00edrja az id\u0151j\u00e1r\u00e1st, nem szerencs\u00e9s, ha bizonyos pontokon rendszeresen meg\u00e1ll a v\u00edz. \u00c9rdemes figyelni arra, hogy a szerkezet k\u00f6rnyezete j\u00f3l szell\u0151zz\u00f6n, a n\u00f6v\u00e9nyzet ne n\u0151je t\u00fal teljesen a f\u00e1t, \u00e9s a falevelek ne gy\u0171ljenek \u00f6ssze tart\u00f3san a csatlakoz\u00e1sokn\u00e1l vagy v\u00edzszintes fel\u00fcleteken.<\/p>\n\n\n\n<p class=\"wp-block-paragraph\">A napf\u00e9ny szint\u00e9n hat\u00e1ssal van a fa megjelen\u00e9s\u00e9re. Az er\u0151s UV-sug\u00e1rz\u00e1s id\u0151vel fak\u00edthatja a fel\u00fcletet, ez\u00e9rt a d\u00e9li fekv\u00e9s\u0171, eg\u00e9sz nap naps\u00fct\u00e9snek kitett pergol\u00e1k t\u00f6bb figyelmet ig\u00e9nyelhetnek. Ez nem jelenti azt, hogy a fa pergola rossz v\u00e1laszt\u00e1s lenne napos helyre, csup\u00e1n azt, hogy id\u0151nk\u00e9nt sz\u00fcks\u00e9g lehet friss\u00edt\u0151 fel\u00fcletkezel\u00e9sre.<\/p>\n\n\n\n<p class=\"wp-block-paragraph\">A karbantart\u00e1s gyakoris\u00e1ga att\u00f3l f\u00fcgg, mennyire kitett helyen \u00e1ll a pergola, milyen faanyagb\u00f3l k\u00e9sz\u00fclt, milyen fel\u00fcletkezel\u00e9st kapott, \u00e9s milyen intenz\u00edven haszn\u00e1ljuk a k\u00f6rnyezet\u00e9t. Egy v\u00e9dettebb teraszon \u00e1ll\u00f3 pergola kevesebb \u00e1pol\u00e1st ig\u00e9nyelhet, m\u00edg egy teljesen szabadon \u00e1ll\u00f3, es\u0151nek, naps\u00fct\u00e9snek \u00e9s sz\u00e9lnek jobban kitett kerti pergola eset\u00e9n \u00e9rdemes gyakrabban ellen\u0151rizni az \u00e1llapotot.<\/p>\n\n\n\n<p class=\"wp-block-paragraph\">\u00c1ltal\u00e1nos szab\u00e1lyk\u00e9nt \u00e9vente legal\u00e1bb egyszer \u00e9rdemes alaposabban \u00e1tvizsg\u00e1lni a szerkezetet, \u00e9s sz\u00fcks\u00e9g szerint megtiszt\u00edtani, jav\u00edtani vagy \u00fajrakezelni a fel\u00fcletet. A szezon eleji ellen\u0151rz\u00e9s az\u00e9rt is praktikus, mert \u00edgy a pergola a ny\u00e1ri h\u00f3napokra m\u00e1r sz\u00e9p, rendezett \u00e9s haszn\u00e1latra k\u00e9sz \u00e1llapotban v\u00e1rja a csal\u00e1di programokat, grillpartikat, kerti vacsor\u00e1kat vagy pihen\u0151s d\u00e9lut\u00e1nokat.<\/p>\n\n\n\n<p class=\"wp-block-paragraph\">A fa pergola \u00e1pol\u00e1sa nemcsak \u00e1llagmeg\u00f3v\u00e1s, hanem eszt\u00e9tikai k\u00e9rd\u00e9s is. Egy gondozott fa fel\u00fclet sokkal szebb l\u00e1tv\u00e1nyt ny\u00fajt, jobban illeszkedik a kertbe, \u00e9s pr\u00e9miumabb \u00e9rzetet kelt. Ha inspir\u00e1ci\u00f3t keresel ahhoz, hogyan mutathat egy ig\u00e9nyesen kialak\u00edtott fa pergola k\u00fcl\u00f6nb\u00f6z\u0151 k\u00fclt\u00e9ri terekben, \u00e9rdemes megn\u00e9zni a <a href=\"https:\/\/modulartsystem.hu\/en\/galeria\/\">ModulART gal\u00e9ri\u00e1t<\/a>.<\/p>\n\n\n\n<h2 class=\"wp-block-heading\"><strong>Pergola fel\u00fcletkezel\u00e9s: mikor \u00e9s hogyan \u00e9rdemes elv\u00e9gezni?<\/strong><\/h2>\n\n\n\n<p class=\"wp-block-paragraph\">A pergola fel\u00fcletkezel\u00e9s a fa hossz\u00fa \u00e9lettartam\u00e1nak egyik legfontosabb r\u00e9sze. A k\u00fclt\u00e9ri faanyag folyamatosan tal\u00e1lkozik naps\u00fct\u00e9ssel, es\u0151vel, p\u00e1r\u00e1val, sz\u00e9llel \u00e9s h\u0151m\u00e9rs\u00e9klet-v\u00e1ltoz\u00e1ssal, ez\u00e9rt v\u00e9delemre van sz\u00fcks\u00e9ge. A megfelel\u0151 fel\u00fcletkezel\u00e9s seg\u00edt meg\u0151rizni a fa term\u00e9szetes sz\u00e9ps\u00e9g\u00e9t, lass\u00edtja az elsz\u00ednez\u0151d\u00e9st, \u00e9s cs\u00f6kkenti a nedvess\u00e9g okozta k\u00e1rosod\u00e1s kock\u00e1zat\u00e1t.<\/p>\n\n\n\n<p class=\"wp-block-paragraph\">A fel\u00fcletkezel\u00e9s t\u00f6rt\u00e9nhet k\u00fclt\u00e9ri laz\u00farral, faolajjal vagy m\u00e1s k\u00fclt\u00e9ri fav\u00e9d\u0151 anyaggal. A v\u00e1laszt\u00e1s att\u00f3l f\u00fcgg, milyen megjelen\u00e9st szeretn\u00e9nk el\u00e9rni, mennyire szeretn\u00e9nk l\u00e1ttatni a fa term\u00e9szetes erezet\u00e9t, illetve milyen id\u0151j\u00e1r\u00e1si terhel\u00e9snek lesz kit\u00e9ve a pergola. A laz\u00far j\u00f3 v\u00e1laszt\u00e1s lehet, ha a fa mint\u00e1zat\u00e1t meg\u0151rizve szeretn\u00e9nk sz\u00ednt \u00e9s v\u00e9delmet adni a fel\u00fcletnek. A faolaj term\u00e9szetes hat\u00e1st biztos\u00edthat, de rendszeresebb friss\u00edt\u00e9st ig\u00e9nyelhet. A k\u00fclt\u00e9ri fav\u00e9d\u0151k pedig c\u00e9lzott v\u00e9delmet ny\u00fajthatnak a nedvess\u00e9g, UV-sug\u00e1rz\u00e1s \u00e9s fel\u00fcleti kop\u00e1s ellen.<\/p>\n\n\n\n<p class=\"wp-block-paragraph\">A pergola fel\u00fcletkezel\u00e9s el\u0151tt mindig fontos a tiszta, sz\u00e1raz \u00e9s el\u0151k\u00e9sz\u00edtett fel\u00fclet. Ha poros, nedves vagy szennyezett f\u00e1ra vissz\u00fck fel az anyagot, az eredm\u00e9ny kev\u00e9sb\u00e9 lesz tart\u00f3s. Sz\u00fcks\u00e9g eset\u00e9n \u00e9rdemes finoman \u00e1tcsiszolni a fel\u00fcletet, elt\u00e1vol\u00edtani a r\u00e9gi, s\u00e9r\u00fclt bevonatr\u00e9szeket, majd portalan\u00edt\u00e1s ut\u00e1n elv\u00e9gezni az \u00faj kezel\u00e9st. Ez k\u00fcl\u00f6n\u00f6sen akkor fontos, ha a pergola m\u00e1r t\u00f6bb szezon \u00f3ta \u00e1ll a kertben, \u00e9s a fel\u00fclet l\u00e1that\u00f3an vesz\u00edtett a frissess\u00e9g\u00e9b\u0151l.<\/p>\n\n\n\n<p class=\"wp-block-paragraph\">A kezel\u00e9si gyakoris\u00e1got t\u00f6bb t\u00e9nyez\u0151 befoly\u00e1solja. A naps\u00fct\u00e9snek er\u0151sen kitett, csapad\u00e9kosabb helyen \u00e1ll\u00f3 fa pergola gyakrabban ig\u00e9nyelhet friss\u00edt\u00e9st, mint egy v\u00e9dettebb terasz alatti szerkezet. \u00c1ltal\u00e1ban \u00e9rdemes \u00e9vente ellen\u0151rizni a fel\u00fclet \u00e1llapot\u00e1t, \u00e9s ha fakul\u00e1s, repedez\u00e9s, kop\u00e1s vagy nedvess\u00e9gre utal\u00f3 jel l\u00e1that\u00f3, akkor nem c\u00e9lszer\u0171 sok\u00e1ig halogatni a kezel\u00e9st.<\/p>\n\n\n\n<p class=\"wp-block-paragraph\">Sokan k\u00e9rdezik, mennyi ideig tart egy j\u00f3l karbantartott pergola. Pontos \u00e9lettartamot neh\u00e9z \u00e1ltal\u00e1nosan mondani, mert f\u00fcgg a faanyagt\u00f3l, a kivitelez\u00e9st\u0151l, a fel\u00fcletkezel\u00e9st\u0151l \u00e9s a k\u00f6rnyezeti terhel\u00e9st\u0151l is. Az viszont biztos, hogy egy rendszeresen \u00e1polt, megfelel\u0151en kezelt fa pergola hossz\u00fa \u00e9veken \u00e1t sz\u00e9p \u00e9s stabil k\u00fclt\u00e9ri elem maradhat. A gondos karbantart\u00e1s meghosszabb\u00edtja az \u00e9lettartamot, seg\u00edt meg\u0151rizni a fa eszt\u00e9tik\u00e1j\u00e1t, \u00e9s hossz\u00fa t\u00e1von k\u00f6lts\u00e9ghat\u00e9konyabb\u00e1 teszi a beruh\u00e1z\u00e1st.<\/p>\n\n\n\n<p class=\"wp-block-paragraph\">A fa pergola akkor m\u0171k\u00f6dik igaz\u00e1n j\u00f3l, ha nem csak a v\u00e1s\u00e1rl\u00e1s pillanat\u00e1ban gondolkodunk benne, hanem hossz\u00fa t\u00e1v\u00fa k\u00fclt\u00e9ri megold\u00e1sk\u00e9nt tekint\u00fcnk r\u00e1. Ha j\u00f3 helyre ker\u00fcl, megfelel\u0151 faanyagb\u00f3l k\u00e9sz\u00fcl, \u00e9s id\u0151nk\u00e9nt megkapja a sz\u00fcks\u00e9ges \u00e1pol\u00e1st, akkor \u00e9veken \u00e1t a kert vagy terasz egyik legkedveltebb r\u00e9sze lehet.<\/p>\n\n\n\n<p class=\"wp-block-paragraph\">Ha olyan fa pergol\u00e1t keresel, amely term\u00e9szetes megjelen\u00e9s\u00e9vel, modul\u00e1ris kialak\u00edt\u00e1s\u00e1val \u00e9s id\u0151t\u00e1ll\u00f3 szerkezet\u00e9vel j\u00f3l illeszkedik a kertedhez, fedezd fel a <a href=\"https:\/\/modulartsystem.hu\/en\/product-tag\/pergola-csomagok\/\">ModulART pergola megold\u00e1sait<\/a>. N\u00e9zd meg a k\u00fcl\u00f6nb\u00f6z\u0151 kialak\u00edt\u00e1sokat, v\u00e1laszd ki a megfelel\u0151 faanyagot, \u00e9s alak\u00edtsd ki azt az \u00e1rny\u00e9kos k\u00fclt\u00e9ri teret, amelyet hossz\u00fa \u00e9veken \u00e1t \u00f6r\u00f6mmel haszn\u00e1lsz.<\/p>","protected":false},"excerpt":{"rendered":"<p>A fa pergola az egyik legszebb \u00e9s legsokoldal\u00fabb k\u00fclt\u00e9ri megold\u00e1s, ha term\u00e9szetes \u00e1rny\u00e9kol\u00e1st, hangulatos teraszfed\u00e9st vagy k\u00e9nyelmes kerti pihen\u0151helyet szeretn\u00e9nk kialak\u00edtani. Egy j\u00f3l megtervezett pergola nemcsak praktikus \u00e1rny\u00e9kot ad, hanem karaktert is visz a kertbe: kijel\u00f6l egy kellemes k\u00fclt\u00e9ri \u00e9letteret, ahol lehet reggelizni, pihenni, vend\u00e9geket fogadni, grillezni vagy ak\u00e1r egy nyugodt d\u00e9lut\u00e1nt elt\u00f6lteni a csal\u00e1ddal. [&hellip;]<\/p>\n","protected":false},"author":4,"featured_media":98,"comment_status":"open","ping_status":"open","sticky":false,"template":"","format":"standard","meta":{"_uag_custom_page_level_css":"","footnotes":""},"categories":[30],"tags":[],"class_list":["post-1734","post","type-post","status-publish","format-standard","has-post-thumbnail","hentry","category-modulart-blog"],"uagb_featured_image_src":{"full":["https:\/\/modulartsystem.hu\/wp-content\/uploads\/2024\/07\/6debd4_966d96d3fe00451393a306ffee483b32mv2.webp",946,905,false],"thumbnail":["https:\/\/modulartsystem.hu\/wp-content\/uploads\/2024\/07\/6debd4_966d96d3fe00451393a306ffee483b32mv2-150x150.webp",150,150,true],"medium":["https:\/\/modulartsystem.hu\/wp-content\/uploads\/2024\/07\/6debd4_966d96d3fe00451393a306ffee483b32mv2-300x287.webp",300,287,true],"medium_large":["https:\/\/modulartsystem.hu\/wp-content\/uploads\/2024\/07\/6debd4_966d96d3fe00451393a306ffee483b32mv2-768x735.webp",768,735,true],"large":["https:\/\/modulartsystem.hu\/wp-content\/uploads\/2024\/07\/6debd4_966d96d3fe00451393a306ffee483b32mv2.webp",800,765,false],"1536x1536":["https:\/\/modulartsystem.hu\/wp-content\/uploads\/2024\/07\/6debd4_966d96d3fe00451393a306ffee483b32mv2.webp",946,905,false],"2048x2048":["https:\/\/modulartsystem.hu\/wp-content\/uploads\/2024\/07\/6debd4_966d96d3fe00451393a306ffee483b32mv2.webp",946,905,false],"trp-custom-language-flag":["https:\/\/modulartsystem.hu\/wp-content\/uploads\/2024\/07\/6debd4_966d96d3fe00451393a306ffee483b32mv2-13x12.webp",13,12,true],"woocommerce_thumbnail":["https:\/\/modulartsystem.hu\/wp-content\/uploads\/2024\/07\/6debd4_966d96d3fe00451393a306ffee483b32mv2-300x300.webp",300,300,true],"woocommerce_single":["https:\/\/modulartsystem.hu\/wp-content\/uploads\/2024\/07\/6debd4_966d96d3fe00451393a306ffee483b32mv2-600x574.webp",600,574,true],"woocommerce_gallery_thumbnail":["https:\/\/modulartsystem.hu\/wp-content\/uploads\/2024\/07\/6debd4_966d96d3fe00451393a306ffee483b32mv2-100x100.webp",100,100,true]},"uagb_author_info":{"display_name":"Nagy Csaba","author_link":"https:\/\/modulartsystem.hu\/en\/author\/npmedia\/"},"uagb_comment_info":0,"uagb_excerpt":"A fa pergola az egyik legszebb \u00e9s legsokoldal\u00fabb k\u00fclt\u00e9ri megold\u00e1s, ha term\u00e9szetes \u00e1rny\u00e9kol\u00e1st, hangulatos teraszfed\u00e9st vagy k\u00e9nyelmes kerti pihen\u0151helyet szeretn\u00e9nk kialak\u00edtani. Egy j\u00f3l megtervezett pergola nemcsak praktikus \u00e1rny\u00e9kot ad, hanem karaktert is visz a kertbe: kijel\u00f6l egy kellemes k\u00fclt\u00e9ri \u00e9letteret, ahol lehet reggelizni, pihenni, vend\u00e9geket fogadni, grillezni vagy ak\u00e1r egy nyugodt d\u00e9lut\u00e1nt elt\u00f6lteni a csal\u00e1ddal.&hellip;","_links":{"self":[{"href":"https:\/\/modulartsystem.hu\/en\/wp-json\/wp\/v2\/posts\/1734","targetHints":{"allow":["GET"]}}],"collection":[{"href":"https:\/\/modulartsystem.hu\/en\/wp-json\/wp\/v2\/posts"}],"about":[{"href":"https:\/\/modulartsystem.hu\/en\/wp-json\/wp\/v2\/types\/post"}],"author":[{"embeddable":true,"href":"https:\/\/modulartsystem.hu\/en\/wp-json\/wp\/v2\/users\/4"}],"replies":[{"embeddable":true,"href":"https:\/\/modulartsystem.hu\/en\/wp-json\/wp\/v2\/comments?post=1734"}],"version-history":[{"count":1,"href":"https:\/\/modulartsystem.hu\/en\/wp-json\/wp\/v2\/posts\/1734\/revisions"}],"predecessor-version":[{"id":1735,"href":"https:\/\/modulartsystem.hu\/en\/wp-json\/wp\/v2\/posts\/1734\/revisions\/1735"}],"wp:featuredmedia":[{"embeddable":true,"href":"https:\/\/modulartsystem.hu\/en\/wp-json\/wp\/v2\/media\/98"}],"wp:attachment":[{"href":"https:\/\/modulartsystem.hu\/en\/wp-json\/wp\/v2\/media?parent=1734"}],"wp:term":[{"taxonomy":"category","embeddable":true,"href":"https:\/\/modulartsystem.hu\/en\/wp-json\/wp\/v2\/categories?post=1734"},{"taxonomy":"post_tag","embeddable":true,"href":"https:\/\/modulartsystem.hu\/en\/wp-json\/wp\/v2\/tags?post=1734"}],"curies":[{"name":"wp","href":"https:\/\/api.w.org\/{rel}","templated":true}]}}