{"id":1732,"date":"2026-07-24T10:14:53","date_gmt":"2026-07-24T08:14:53","guid":{"rendered":"https:\/\/modulartsystem.hu\/?p=1732"},"modified":"2026-07-24T10:14:55","modified_gmt":"2026-07-24T08:14:55","slug":"fa-pergola-valasztasi-utmutato-milyen-pergolat-valasszak","status":"publish","type":"post","link":"https:\/\/modulartsystem.hu\/en\/fa-pergola-valasztasi-utmutato-milyen-pergolat-valasszak\/","title":{"rendered":"Fa pergola v\u00e1laszt\u00e1si \u00fatmutat\u00f3: milyen pergol\u00e1t v\u00e1lasszak?"},"content":{"rendered":"<p class=\"wp-block-paragraph\">A pergola az egyik legsokoldal\u00fabb k\u00fclt\u00e9ri megold\u00e1s, ha \u00e1rny\u00e9kol\u00e1st, k\u00e9nyelmes pihen\u0151helyet vagy eszt\u00e9tikus teraszfed\u00e9st szeretn\u00e9l kialak\u00edtani. Egy j\u00f3l megtervezett pergola egyszerre lehet praktikus \u00e1rny\u00e9kol\u00f3, hangulatos kerti elem, fedett \u00e9tkez\u0151, pihen\u0151sarok, n\u00f6v\u00e9nyfuttat\u00f3 lugas vagy ak\u00e1r kocsibe\u00e1ll\u00f3 f\u00f6l\u00e9 \u00e9p\u00edtett v\u00e9dettebb szerkezet. Nem v\u00e9letlen, hogy egyre t\u00f6bben keresnek fa pergol\u00e1t terasz f\u00f6l\u00e9, medence mell\u00e9, grill vagy kemence f\u00f6l\u00e9, kerti konyh\u00e1hoz, j\u00e1tsz\u00f3t\u00e9rhez, vend\u00e9gl\u00e1t\u00f3teraszhoz vagy rendezv\u00e9nyhelysz\u00ednhez.<\/p>\n\n\n\n<p class=\"wp-block-paragraph\">A pergola l\u00e9nyege, hogy nyitottabb, l\u00e9giesebb szerkezetet ad, mint egy teljesen z\u00e1rt tet\u0151, m\u00e9gis k\u00e9pes kijel\u00f6lni \u00e9s haszn\u00e1lhat\u00f3bb\u00e1 tenni a k\u00fclt\u00e9ri teret. \u00c1rny\u00e9kot adhat a ny\u00e1ri melegben, otthonosabb\u00e1 teheti a teraszt, \u00e9s seg\u00edthet abban, hogy a kert ne csak d\u00edsz legyen, hanem val\u00f3ban haszn\u00e1lhat\u00f3 \u00e9lett\u00e9r. Egy fa pergola r\u00e1ad\u00e1sul term\u00e9szetes, meleg hangulatot teremt, ami j\u00f3l illeszkedik a n\u00f6v\u00e9nyekhez, k\u00fclt\u00e9ri b\u00fatorokhoz, burkolatokhoz \u00e9s a h\u00e1z homlokzat\u00e1hoz is.<\/p>\n\n\n\n<p class=\"wp-block-paragraph\">Ha most gondolkodsz pergola v\u00e1s\u00e1rl\u00e1s\u00e1n, \u00e9rdemes el\u0151sz\u00f6r azt tiszt\u00e1zni, mire szeretn\u00e9d haszn\u00e1lni. M\u00e1s t\u00edpus\u00fa pergola lehet ide\u00e1lis egy csal\u00e1di \u00e9tkez\u0151 f\u00f6l\u00e9, egy aut\u00f3be\u00e1ll\u00f3hoz, egy medence melletti pihen\u0151z\u00f3n\u00e1hoz vagy egy bogr\u00e1csoz\u00f3, grillterasz f\u00f6l\u00e9. A megfelel\u0151 d\u00f6nt\u00e9shez fontos a m\u00e9ret, az anyag, a szerkezet t\u00edpusa, a b\u0151v\u00edthet\u0151s\u00e9g, az \u00e1rny\u00e9kol\u00e1s m\u00f3dja \u00e9s term\u00e9szetesen a pergola \u00e1r is.<\/p>\n\n\n\n<h2 class=\"wp-block-heading\"><strong>Pergola \u00e9p\u00edt\u00e9s okosan: mire figyelj az els\u0151 l\u00e9p\u00e9sekn\u00e9l?<\/strong><\/h2>\n\n\n\n<p class=\"wp-block-paragraph\">A pergola \u00e9p\u00edt\u00e9s els\u0151 l\u00e9p\u00e9se nem a faanyag vagy a konzol kiv\u00e1laszt\u00e1sa, hanem a funkci\u00f3 meghat\u00e1roz\u00e1sa. Gondold v\u00e9gig, hogy pontosan milyen probl\u00e9m\u00e1ra keresel megold\u00e1st. \u00c1rny\u00e9kolni szeretn\u00e9d a teraszt? Fedettebb\u00e9 tenn\u00e9d a kerti \u00e9tkez\u0151t? Kellemesebb k\u00f6rnyezetet alak\u00edtan\u00e1l ki a medence mellett? Sz\u00fcks\u00e9ged van egy eszt\u00e9tikus kocsibe\u00e1ll\u00f3ra? Vagy egy grill, kemence, bogr\u00e1csoz\u00f3 vagy kerti konyha f\u00f6l\u00e9 keresel praktikus \u00e1rny\u00e9kol\u00e1st?<\/p>\n\n\n\n<p class=\"wp-block-paragraph\">Egy terasz f\u00f6l\u00e9 \u00e9p\u00edtett pergola eset\u00e9n fontos, hogy a szerkezet ar\u00e1nyban legyen a h\u00e1zzal \u00e9s a rendelkez\u00e9sre \u00e1ll\u00f3 hellyel. Ha t\u00fal kicsi, nem ad el\u00e9g \u00e1rny\u00e9kot \u00e9s nem lesz k\u00e9nyelmes alatta a mindennapi haszn\u00e1lat. Ha t\u00fal nagy, akkor elnyomhatja a teret, \u00e9s ar\u00e1nytalan hat\u00e1st kelthet. \u00c9tkez\u0151 f\u00f6l\u00e9 \u00e1ltal\u00e1ban akkora pergola ide\u00e1lis, amely alatt k\u00e9nyelmesen elf\u00e9r az asztal, a sz\u00e9kek \u00e9s a k\u00f6zleked\u00e9si s\u00e1v is. Lounge \u00fcl\u0151garnit\u00fara vagy kerti pihen\u0151hely eset\u00e9n pedig \u00e9rdemes figyelni arra, hogy a nap j\u00e1r\u00e1sa alapj\u00e1n mikor \u00e9s hov\u00e1 esik majd az \u00e1rny\u00e9k.<\/p>\n\n\n\n<p class=\"wp-block-paragraph\">A pergola \u00e9p\u00edt\u00e9s sor\u00e1n az anyagv\u00e1laszt\u00e1s is kulcsk\u00e9rd\u00e9s. A fa pergola term\u00e9szetesebb megjelen\u00e9st ad, k\u00f6nnyebben illeszthet\u0151 a kert hangulat\u00e1hoz, \u00e9s megfelel\u0151 kezel\u00e9ssel hossz\u00fa t\u00e1von is eszt\u00e9tikus k\u00fclt\u00e9ri megold\u00e1s lehet. A fa szerkezet el\u0151nye, hogy meleg, bar\u00e1ts\u00e1gos hat\u00e1st kelt, j\u00f3l kombin\u00e1lhat\u00f3 napvitorl\u00e1val, szaruf\u00e1s \u00e1rny\u00e9kol\u00e1ssal, fut\u00f3n\u00f6v\u00e9nyekkel, vil\u00e1g\u00edt\u00e1ssal vagy ak\u00e1r k\u00fclt\u00e9ri b\u00fatorokkal.<\/p>\n\n\n\n<p class=\"wp-block-paragraph\">A pergola \u00e9p\u00edt\u00e9s m\u00e1sik fontos k\u00e9rd\u00e9se, hogy fix vagy b\u0151v\u00edthet\u0151 rendszerben gondolkodsz. Egy fix megold\u00e1s akkor lehet j\u00f3, ha pontosan tudod, hogy hossz\u00fa t\u00e1von sem szeretn\u00e9l v\u00e1ltoztatni a m\u00e9reten vagy a kialak\u00edt\u00e1son. A modul\u00e1ris pergola rendszer viszont nagyobb szabads\u00e1got ad. Ha k\u00e9s\u0151bb b\u0151v\u00edten\u00e9d, \u00e1talak\u00edtan\u00e1d, \u00faj \u00e1rny\u00e9kol\u00e1si megold\u00e1ssal eg\u00e9sz\u00edten\u00e9d ki, vagy m\u00e1s funkci\u00f3ra is haszn\u00e1ln\u00e1d a k\u00fclt\u00e9ri teret, a modul\u00e1ris fel\u00e9p\u00edt\u00e9s sokkal rugalmasabb v\u00e1laszt\u00e1s.<\/p>\n\n\n\n<p class=\"wp-block-paragraph\">A <a href=\"https:\/\/modulartsystem.hu\/en\/product-tag\/pergola-csomagok\/\">pergola csomagok<\/a> k\u00f6z\u00f6tt falhoz r\u00f6gz\u00edthet\u0151, szabadon \u00e1ll\u00f3, napvitorl\u00e1val kombin\u00e1lt \u00e9s szarufatart\u00f3s megold\u00e1sok is el\u00e9rhet\u0151k, \u00edgy k\u00f6nnyebb megtal\u00e1lni azt a t\u00edpust, amely legjobban illik az adott ter\u00fclethez. Egy falhoz r\u00f6gz\u00edthet\u0151 pergola p\u00e9ld\u00e1ul ide\u00e1lis lehet terasz f\u00f6l\u00e9, m\u00edg egy szabadon \u00e1ll\u00f3 v\u00e1ltozat j\u00f3l m\u0171k\u00f6dhet kert k\u00f6zep\u00e9n, medence mellett, j\u00e1tsz\u00f3t\u00e9rn\u00e9l vagy k\u00fcl\u00f6n\u00e1ll\u00f3 kerti pihen\u0151helyn\u00e9l.<\/p>\n\n\n\n<h2 class=\"wp-block-heading\"><strong>F\u00e9m pergola vagy fa pergola: melyik passzol jobban az otthonodhoz?<\/strong><\/h2>\n\n\n\n<p class=\"wp-block-paragraph\">A f\u00e9m pergola sokak sz\u00e1m\u00e1ra modern \u00e9s letisztult megold\u00e1snak t\u0171nik, k\u00fcl\u00f6n\u00f6sen akkor, ha a h\u00e1z st\u00edlusa is ink\u00e1bb minimalista vagy ipari jelleg\u0171. A f\u00e9m szerkezetek el\u0151nye lehet a hat\u00e1rozott, egyenes vonalvezet\u00e9s, valamint az, hogy bizonyos t\u00edpusokn\u00e1l kevesebb fel\u00fcletkezel\u00e9si feladat mer\u00fclhet fel, mint a term\u00e9szetes fa eset\u00e9ben. Ugyanakkor a v\u00e1laszt\u00e1sn\u00e1l nem csak azt \u00e9rdemes n\u00e9zni, hogy fa vagy f\u00e9m pergola legyen, hanem azt is, milyen hangulatot szeretn\u00e9l teremteni a k\u00fclt\u00e9ri t\u00e9rben.<\/p>\n\n\n\n<p class=\"wp-block-paragraph\">A f\u00e9m pergola \u00e1ltal\u00e1ban h\u0171v\u00f6sebb, modernebb karaktert ad. Ez j\u00f3l m\u0171k\u00f6dhet \u00faj \u00e9p\u00edt\u00e9s\u0171, minimalista otthonokn\u00e1l, de nem minden kertbe illeszkedik term\u00e9szetesen. Egy z\u00f6ld, n\u00f6v\u00e9nyekkel teli k\u00f6rnyezetben, csal\u00e1di h\u00e1zas udvarban, rusztikusabb vagy mediterr\u00e1n hangulat\u00fa teraszon sokszor a fa pergola ad harmonikusabb \u00f6sszk\u00e9pet. A fa term\u00e9szetes anyagk\u00e9nt k\u00f6nnyebben kapcsol\u00f3dik a kerthez, a n\u00f6v\u00e9nyekhez \u00e9s a k\u00fclt\u00e9ri b\u00fatorokhoz.<\/p>\n\n\n\n<p class=\"wp-block-paragraph\">A fa pergola m\u00e1sik nagy el\u0151nye a testreszabhat\u00f3s\u00e1g. Festhet\u0151, p\u00e1colhat\u00f3, alak\u00edthat\u00f3, \u00e9s sokf\u00e9le \u00e1rny\u00e9kol\u00e1si megold\u00e1ssal kombin\u00e1lhat\u00f3. Ha p\u00e9ld\u00e1ul a terasz f\u00f6l\u00e9 szeretn\u00e9l pergol\u00e1t, amely k\u00e9s\u0151bb napvitorl\u00e1val, szaruf\u00e1kkal, fut\u00f3n\u00f6v\u00e9nyekkel vagy dekorvil\u00e1g\u00edt\u00e1ssal eg\u00e9sz\u00fcl ki, a fa szerkezet nagyon rugalmas alapot ad. Egy kerti konyha, grill, kemence vagy bogr\u00e1csoz\u00f3 f\u00f6l\u00f6tt pedig k\u00fcl\u00f6n\u00f6sen j\u00f3l mutat a term\u00e9szetes fa hat\u00e1s, mert melegebb, otthonosabb atmoszf\u00e9r\u00e1t teremt.<\/p>\n\n\n\n<p class=\"wp-block-paragraph\">Fontos szempont az \u00e1r-\u00e9rt\u00e9k ar\u00e1ny is. A f\u00e9m pergola bizonyos esetekben magasabb beruh\u00e1z\u00e1si k\u00f6lts\u00e9ggel j\u00e1rhat, f\u0151leg akkor, ha egyedi m\u00e9retben, komplex \u00e1rny\u00e9kol\u00e1stechnik\u00e1val vagy motoros megold\u00e1sokkal k\u00e9sz\u00fcl. A fa pergola ezzel szemben sokszor k\u00f6lts\u00e9ghat\u00e9konyabb, mik\u00f6zben l\u00e1tv\u00e1nyos \u00e9s tart\u00f3s k\u00fclt\u00e9ri megold\u00e1st k\u00edn\u00e1l. Ha pedig modul\u00e1ris rendszerben v\u00e1lasztod, akkor a b\u0151v\u00edthet\u0151s\u00e9g \u00e9s az egyszer\u0171bb tervezhet\u0151s\u00e9g is plusz el\u0151nyt jelent.<\/p>\n\n\n\n<p class=\"wp-block-paragraph\">Ez\u00e9rt a k\u00e9rd\u00e9s nem felt\u00e9tlen\u00fcl az, hogy a f\u00e9m pergola vagy a fa pergola a jobb minden helyzetben. Ink\u00e1bb az, hogy a saj\u00e1t otthonodhoz, kertedhez \u00e9s haszn\u00e1lati szok\u00e1saidhoz melyik illik jobban. Ha term\u00e9szetesebb, bar\u00e1ts\u00e1gosabb, k\u00f6nnyebben alak\u00edthat\u00f3 \u00e9s l\u00e1tv\u00e1nyos \u00e1rny\u00e9kol\u00e1st keresel, akkor a fa pergola sok esetben jobb d\u00f6nt\u00e9s lehet.<\/p>\n\n\n\n<h2 class=\"wp-block-heading\"><strong>Kerti pergola \u00f6tletek teraszra, medence mell\u00e9 vagy pihen\u0151sarok f\u00f6l\u00e9<\/strong><\/h2>\n\n\n\n<p class=\"wp-block-paragraph\">A kerti pergola egyik legnagyobb el\u0151nye, hogy szinte b\u00e1rmilyen k\u00fclt\u00e9ri funkci\u00f3hoz igaz\u00edthat\u00f3. Ha szeretsz a szabadban reggelizni, grillezni, vend\u00e9geket fogadni vagy egyszer\u0171en csak pihenni, egy j\u00f3l elhelyezett pergola sokkal haszn\u00e1lhat\u00f3bb\u00e1 teheti a kertet. Nem csup\u00e1n \u00e1rny\u00e9kot ad, hanem kijel\u00f6l egy k\u00fcl\u00f6n z\u00f3n\u00e1t, amelynek saj\u00e1t hangulata \u00e9s funkci\u00f3ja lesz.<\/p>\n\n\n\n<p class=\"wp-block-paragraph\">Terasz f\u00f6l\u00e9 \u00e9p\u00edtve a pergola \u00e1tmenetet k\u00e9pez a h\u00e1z \u00e9s a kert k\u00f6z\u00f6tt. Ez az egyik legn\u00e9pszer\u0171bb megold\u00e1s, hiszen a nappalib\u00f3l vagy konyh\u00e1b\u00f3l kil\u00e9pve azonnal egy \u00e1rny\u00e9kolt, k\u00e9nyelmes k\u00fclt\u00e9ri t\u00e9rbe \u00e9rkezhetsz. Itt helyet kaphat egy \u00e9tkez\u0151asztal, kerti \u00fcl\u0151garnit\u00fara, k\u00fclt\u00e9ri l\u00e1mpasor, n\u00f6v\u00e9nydekor\u00e1ci\u00f3 vagy ak\u00e1r egy kisebb kerti konyha is.<\/p>\n\n\n\n<p class=\"wp-block-paragraph\">Medence f\u00f6l\u00e9 vagy mell\u00e9 \u00e9p\u00edtve a pergola pihen\u0151z\u00f3n\u00e1t hoz l\u00e9tre, ahol a napoz\u00e1s \u00e9s az \u00e1rny\u00e9kos relax\u00e1l\u00e1s v\u00e1ltakozhat. Egy napvitorl\u00e1val kombin\u00e1lt fa pergola kifejezetten j\u00f3 v\u00e1laszt\u00e1s lehet, ha nem teljes fed\u00e9st szeretn\u00e9l, hanem kellemes, sz\u0171rt \u00e1rny\u00e9kot. Ugyanez a megold\u00e1s j\u00f3l m\u0171k\u00f6dhet j\u00e1tsz\u00f3t\u00e9r, homokoz\u00f3 vagy gyerekeknek kialak\u00edtott kerti pihen\u0151r\u00e9sz k\u00f6zel\u00e9ben is, ahol fontos a naps\u00fct\u00e9s elleni v\u00e9delem.<\/p>\n\n\n\n<p class=\"wp-block-paragraph\">Kocsibe\u00e1ll\u00f3 f\u00f6l\u00e9 is praktikus lehet a pergola, k\u00fcl\u00f6n\u00f6sen akkor, ha nem z\u00e1rt gar\u00e1zst szeretn\u00e9l, hanem eszt\u00e9tikusabb, k\u00f6nnyedebb szerkezetet. Egy fa pergola term\u00e9szetesebb megjelen\u00e9st adhat az aut\u00f3be\u00e1ll\u00f3nak, mint egy teljesen z\u00e1rt vagy er\u0151sen ipari hat\u00e1s\u00fa fed\u00e9s. N\u00f6v\u00e9nyfuttat\u00f3 lugask\u00e9nt pedig nemcsak \u00e1rny\u00e9kot, hanem k\u00fcl\u00f6nleges kert\u00e9p\u00edt\u00e9szeti l\u00e1tv\u00e1nyt is biztos\u00edthat.<\/p>\n\n\n\n<p class=\"wp-block-paragraph\">Vend\u00e9gl\u00e1t\u00f3teraszokn\u00e1l \u00e9s rendezv\u00e9nyhelysz\u00ednekn\u00e9l a pergola szint\u00e9n hasznos megold\u00e1s lehet. Seg\u00edt hangulatosabb\u00e1 tenni a k\u00fclt\u00e9ri vend\u00e9gteret, mik\u00f6zben k\u00e9nyelmesebb k\u00f6rnyezetet biztos\u00edt a vend\u00e9gek sz\u00e1m\u00e1ra. Egy j\u00f3l kialak\u00edtott fa pergola alatt \u00e9tkez\u0151asztalok, lounge b\u00fatorok vagy ak\u00e1r k\u00fclt\u00e9ri b\u00e1rpult is helyet kaphat.<\/p>\n\n\n\n<p class=\"wp-block-paragraph\">Ha inspir\u00e1ci\u00f3t keresel a kialak\u00edt\u00e1shoz, \u00e9rdemes megn\u00e9zni a <a href=\"https:\/\/modulartsystem.hu\/en\/galeria\/\">ModulART gal\u00e9ri\u00e1t<\/a>, ahol k\u00fcl\u00f6nb\u00f6z\u0151 pergola megold\u00e1sok alapj\u00e1n k\u00f6nnyebb elk\u00e9pzelni, hogyan mutathat egy fa pergola a saj\u00e1t kertedben vagy teraszodon.<\/p>\n\n\n\n<h2 class=\"wp-block-heading\"><strong>Pergola \u00e1r: mit\u0151l f\u00fcgg, mennyibe ker\u00fcl a j\u00f3 megold\u00e1s?<\/strong><\/h2>\n\n\n\n<p class=\"wp-block-paragraph\">A pergola \u00e1r t\u00f6bb t\u00e9nyez\u0151t\u0151l f\u00fcgg, ez\u00e9rt neh\u00e9z egyetlen \u00e1ltal\u00e1nos \u00f6sszeget mondani. Befoly\u00e1solja a m\u00e9ret, a v\u00e1lasztott szerkezet t\u00edpusa, a faanyag min\u0151s\u00e9ge, az \u00e1rny\u00e9kol\u00e1s m\u00f3dja, a kieg\u00e9sz\u00edt\u0151k, a r\u00f6gz\u00edt\u00e9s t\u00edpusa \u00e9s az is, hogy saj\u00e1t kivitelez\u00e9sben vagy \u00f6sszeszerel\u00e9ssel szeretn\u00e9d megval\u00f3s\u00edtani.<\/p>\n\n\n\n<p class=\"wp-block-paragraph\">Egy kisebb, falhoz r\u00f6gz\u00edthet\u0151 pergola \u00e1ltal\u00e1ban kedvez\u0151bb \u00e1rkateg\u00f3ri\u00e1t k\u00e9pviselhet, m\u00edg egy nagyobb, szabadon \u00e1ll\u00f3, dupla vagy napvitorl\u00e1val kieg\u00e9sz\u00edtett rendszer magasabb k\u00f6lts\u00e9ggel j\u00e1rhat. A faanyag szint\u00e9n fontos t\u00e9nyez\u0151. A feny\u0151 kedvez\u0151bb \u00e1r\u00fa megold\u00e1s lehet, a KVH sz\u00e1r\u00edtott gerenda stabilabb, szerkezet\u00e9p\u00edt\u00e9shez el\u0151ny\u00f6s v\u00e1laszt\u00e1s, m\u00edg a BSH r\u00e9tegragasztott faanyag pr\u00e9miumabb, tart\u00f3sabb \u00e9s eszt\u00e9tikailag is magasabb szintet k\u00e9pvisel.<\/p>\n\n\n\n<p class=\"wp-block-paragraph\">A pergola \u00e1r \u00e9rt\u00e9kel\u00e9sekor nem csak a kezdeti k\u00f6lts\u00e9get \u00e9rdemes n\u00e9zni. Egy j\u00f3l megv\u00e1lasztott fa pergola hossz\u00fa t\u00e1von n\u00f6veli a k\u00fclt\u00e9ri t\u00e9r haszn\u00e1lhat\u00f3s\u00e1g\u00e1t, k\u00e9nyelmesebb\u00e9 teszi a mindennapokat, \u00e9s eszt\u00e9tikai \u00e9rt\u00e9ket is adhat az otthonnak. Ha a terasz eddig t\u00fal napos volt, ha a kertben hi\u00e1nyzott egy \u00e1rny\u00e9kos pihen\u0151hely, vagy ha a grill, kemence, bogr\u00e1csoz\u00f3 k\u00f6r\u00e9 szeretn\u00e9l rendezettebb teret kialak\u00edtani, a pergola val\u00f3di \u00e9letmin\u0151s\u00e9g-jav\u00edt\u00f3 beruh\u00e1z\u00e1s lehet.<\/p>\n\n\n\n<p class=\"wp-block-paragraph\">A pontos d\u00f6nt\u00e9shez \u00e9rdemes el\u0151re v\u00e9giggondolni a k\u00f6vetkez\u0151ket: mekkora ter\u00fcletet szeretn\u00e9l lefedni, milyen funkci\u00f3ra haszn\u00e1lod majd a pergol\u00e1t, falhoz r\u00f6gz\u00edthet\u0151 vagy szabadon \u00e1ll\u00f3 v\u00e1ltozat kell, szeretn\u00e9l-e napvitorl\u00e1t vagy szaruf\u00e1s \u00e1rny\u00e9kol\u00e1st, illetve fontos-e a k\u00e9s\u0151bbi b\u0151v\u00edthet\u0151s\u00e9g.<\/p>\n\n\n\n<h2 class=\"wp-block-heading\"><strong>V\u00e1laszd a hozz\u00e1d ill\u0151 fa pergol\u00e1t<\/strong><\/h2>\n\n\n\n<p class=\"wp-block-paragraph\">A pergola v\u00e1laszt\u00e1s akkor lesz igaz\u00e1n sikeres, ha nem csak egy sz\u00e9p szerkezetet keresel, hanem a saj\u00e1t \u00e9letm\u00f3dodhoz ill\u0151 k\u00fclt\u00e9ri megold\u00e1st. Egy fa pergola lehet \u00e1rny\u00e9kol\u00f3 teraszra, fedett pihen\u0151hely a kertben, medence melletti relaxz\u00f3na, grillterasz, kocsibe\u00e1ll\u00f3, n\u00f6v\u00e9nyfuttat\u00f3 lugas vagy vend\u00e9gl\u00e1t\u00f3terasz l\u00e1tv\u00e1nyos kieg\u00e9sz\u00edt\u0151je.<\/p>\n\n\n\n<p class=\"wp-block-paragraph\">A ModulART modul\u00e1ris fa pergola rendszere j\u00f3 v\u00e1laszt\u00e1s lehet, ha term\u00e9szetes megjelen\u00e9st, alak\u00edthat\u00f3 szerkezetet, \u00e1tgondolt elemeket \u00e9s hossz\u00fa t\u00e1von is praktikus k\u00fclt\u00e9ri megold\u00e1st keresel. A megfelel\u0151 m\u00e9ret, faanyag \u00e9s kialak\u00edt\u00e1s kiv\u00e1laszt\u00e1s\u00e1val olyan pergol\u00e1t \u00e9p\u00edthetsz, amely nemcsak \u00e1rny\u00e9kot ad, hanem val\u00f3di \u00e9letteret teremt a kertben.<\/p>\n\n\n\n<p class=\"wp-block-paragraph\">Fedezd fel a lehet\u0151s\u00e9geket a <a href=\"https:\/\/modulartsystem.hu\/en\/\">ModulART oldal\u00e1n<\/a>, n\u00e9zd meg a pergola csomagokat, inspir\u00e1l\u00f3dj a gal\u00e9ri\u00e1b\u00f3l, \u00e9s alak\u00edtsd ki azt a k\u00fclt\u00e9ri teret, amelyet eg\u00e9sz szezonban \u00f6r\u00f6mmel haszn\u00e1lsz.<\/p>","protected":false},"excerpt":{"rendered":"<p>A pergola az egyik legsokoldal\u00fabb k\u00fclt\u00e9ri megold\u00e1s, ha \u00e1rny\u00e9kol\u00e1st, k\u00e9nyelmes pihen\u0151helyet vagy eszt\u00e9tikus teraszfed\u00e9st szeretn\u00e9l kialak\u00edtani. Egy j\u00f3l megtervezett pergola egyszerre lehet praktikus \u00e1rny\u00e9kol\u00f3, hangulatos kerti elem, fedett \u00e9tkez\u0151, pihen\u0151sarok, n\u00f6v\u00e9nyfuttat\u00f3 lugas vagy ak\u00e1r kocsibe\u00e1ll\u00f3 f\u00f6l\u00e9 \u00e9p\u00edtett v\u00e9dettebb szerkezet. Nem v\u00e9letlen, hogy egyre t\u00f6bben keresnek fa pergol\u00e1t terasz f\u00f6l\u00e9, medence mell\u00e9, grill vagy kemence f\u00f6l\u00e9, [&hellip;]<\/p>\n","protected":false},"author":4,"featured_media":1257,"comment_status":"open","ping_status":"open","sticky":false,"template":"","format":"standard","meta":{"_uag_custom_page_level_css":"","footnotes":""},"categories":[30],"tags":[],"class_list":["post-1732","post","type-post","status-publish","format-standard","has-post-thumbnail","hentry","category-modulart-blog"],"uagb_featured_image_src":{"full":["https:\/\/modulartsystem.hu\/wp-content\/uploads\/2025\/08\/DSC09043.jpg",768,768,false],"thumbnail":["https:\/\/modulartsystem.hu\/wp-content\/uploads\/2025\/08\/DSC09043-150x150.jpg",150,150,true],"medium":["https:\/\/modulartsystem.hu\/wp-content\/uploads\/2025\/08\/DSC09043-300x300.jpg",300,300,true],"medium_large":["https:\/\/modulartsystem.hu\/wp-content\/uploads\/2025\/08\/DSC09043.jpg",768,768,false],"large":["https:\/\/modulartsystem.hu\/wp-content\/uploads\/2025\/08\/DSC09043.jpg",768,768,false],"1536x1536":["https:\/\/modulartsystem.hu\/wp-content\/uploads\/2025\/08\/DSC09043.jpg",768,768,false],"2048x2048":["https:\/\/modulartsystem.hu\/wp-content\/uploads\/2025\/08\/DSC09043.jpg",768,768,false],"trp-custom-language-flag":["https:\/\/modulartsystem.hu\/wp-content\/uploads\/2025\/08\/DSC09043-12x12.jpg",12,12,true],"woocommerce_thumbnail":["https:\/\/modulartsystem.hu\/wp-content\/uploads\/2025\/08\/DSC09043-300x300.jpg",300,300,true],"woocommerce_single":["https:\/\/modulartsystem.hu\/wp-content\/uploads\/2025\/08\/DSC09043-600x600.jpg",600,600,true],"woocommerce_gallery_thumbnail":["https:\/\/modulartsystem.hu\/wp-content\/uploads\/2025\/08\/DSC09043-100x100.jpg",100,100,true]},"uagb_author_info":{"display_name":"Nagy Csaba","author_link":"https:\/\/modulartsystem.hu\/en\/author\/npmedia\/"},"uagb_comment_info":0,"uagb_excerpt":"A pergola az egyik legsokoldal\u00fabb k\u00fclt\u00e9ri megold\u00e1s, ha \u00e1rny\u00e9kol\u00e1st, k\u00e9nyelmes pihen\u0151helyet vagy eszt\u00e9tikus teraszfed\u00e9st szeretn\u00e9l kialak\u00edtani. Egy j\u00f3l megtervezett pergola egyszerre lehet praktikus \u00e1rny\u00e9kol\u00f3, hangulatos kerti elem, fedett \u00e9tkez\u0151, pihen\u0151sarok, n\u00f6v\u00e9nyfuttat\u00f3 lugas vagy ak\u00e1r kocsibe\u00e1ll\u00f3 f\u00f6l\u00e9 \u00e9p\u00edtett v\u00e9dettebb szerkezet. Nem v\u00e9letlen, hogy egyre t\u00f6bben keresnek fa pergol\u00e1t terasz f\u00f6l\u00e9, medence mell\u00e9, grill vagy kemence f\u00f6l\u00e9,&hellip;","_links":{"self":[{"href":"https:\/\/modulartsystem.hu\/en\/wp-json\/wp\/v2\/posts\/1732","targetHints":{"allow":["GET"]}}],"collection":[{"href":"https:\/\/modulartsystem.hu\/en\/wp-json\/wp\/v2\/posts"}],"about":[{"href":"https:\/\/modulartsystem.hu\/en\/wp-json\/wp\/v2\/types\/post"}],"author":[{"embeddable":true,"href":"https:\/\/modulartsystem.hu\/en\/wp-json\/wp\/v2\/users\/4"}],"replies":[{"embeddable":true,"href":"https:\/\/modulartsystem.hu\/en\/wp-json\/wp\/v2\/comments?post=1732"}],"version-history":[{"count":1,"href":"https:\/\/modulartsystem.hu\/en\/wp-json\/wp\/v2\/posts\/1732\/revisions"}],"predecessor-version":[{"id":1733,"href":"https:\/\/modulartsystem.hu\/en\/wp-json\/wp\/v2\/posts\/1732\/revisions\/1733"}],"wp:featuredmedia":[{"embeddable":true,"href":"https:\/\/modulartsystem.hu\/en\/wp-json\/wp\/v2\/media\/1257"}],"wp:attachment":[{"href":"https:\/\/modulartsystem.hu\/en\/wp-json\/wp\/v2\/media?parent=1732"}],"wp:term":[{"taxonomy":"category","embeddable":true,"href":"https:\/\/modulartsystem.hu\/en\/wp-json\/wp\/v2\/categories?post=1732"},{"taxonomy":"post_tag","embeddable":true,"href":"https:\/\/modulartsystem.hu\/en\/wp-json\/wp\/v2\/tags?post=1732"}],"curies":[{"name":"wp","href":"https:\/\/api.w.org\/{rel}","templated":true}]}}